{"id":31257,"date":"2021-10-19T10:07:52","date_gmt":"2021-10-19T10:07:52","guid":{"rendered":"https:\/\/www.mujerhoy.com\/moda\/no-te-pierdas\/gabardina-mujer-sfera-barata-original-espalda-plisada-agotada-arrasa-influencers-20211019113729-nt.html"},"modified":"2021-10-19T10:07:52","modified_gmt":"2021-10-19T10:07:52","slug":"ni-beige-ni-marron-la-gabardina-mas-bonita-y-original-es-esta-de-sfera-plisada-y-en-color-azul-que-ya-esta-casi-agotada","status":"publish","type":"post","link":"http:\/\/hoycordobaweb.com\/index.php\/2021\/10\/19\/ni-beige-ni-marron-la-gabardina-mas-bonita-y-original-es-esta-de-sfera-plisada-y-en-color-azul-que-ya-esta-casi-agotada\/","title":{"rendered":"Ni beige ni marr\u00f3n, la gabardina m\u00e1s bonita y original es esta de Sfera plisada y en color azul que ya est\u00e1 casi agotada"},"content":{"rendered":"<div><img src=\"http:\/\/hoycordobaweb.com\/wp-content\/uploads\/2021\/10\/ni-beige-ni-marron-la-gabardina-mas-bonita-y-original-es-esta-de-sfera-plisada-y-en-color-azul-que-ya-esta-casi-agotada.jpg\" class=\"ff-og-image-inserted\"><\/div>\n<p><!-- AUTHOR --><!-- COMPONENTS --><\/p>\n<p class=\"voc-paragraph\">Parece que el entretiempo se est\u00e1 alargando m\u00e1s de lo esperado y si todav\u00eda no te has hecho con una <strong>gabardina <\/strong>est\u00e1s a tiempo. Si pienses que no vas a darle mucho uso, est\u00e1s muy equivocada, porque adem\u00e1s de <strong>sacarle much\u00edsimo partido<\/strong>, ya que es la chaqueta que mejor va con este f\u00edo-calor constante, es una <strong>prenda atemporal que nunca pasa de moda<\/strong> y que podr\u00e1s utilizar de un a\u00f1o para otro. Te hemos ense\u00f1ado cu\u00e1les son <a data-voc-vtm-id=\"in-text-traffic\" href=\"https:\/\/www.mujerhoy.com\/moda\/no-te-pierdas\/gabardina-mujer-barata-lefties-primark-trench-tendencia-20211007234250-nt.html\">los modelos m\u00e1s baratos del low cost<\/a>, <a data-voc-vtm-id=\"in-text-traffic\" href=\"https:\/\/www.mujerhoy.com\/moda\/tendencias\/gabardina-trench-stradivarius-favorecedor-menos-40-euros-20211003132344-nt.html\">el de Stradivarius disponible en varios colores<\/a> y <a data-voc-vtm-id=\"in-text-traffic\" href=\"https:\/\/www.mujerhoy.com\/moda\/no-te-pierdas\/gabardina-mujer-mango-barata-original-chaleco-acolchado-tendencia-favorita-influencers-20210922102346-nt.html\">este 2 en 1 de Mango original<\/a>. Sin embargo, si buscas algo diferente con el que <strong>triunfar seguro<\/strong>, atenta al que ya se ha hecho viral en <strong>Sfera<\/strong>.\n<\/p>\n<p class=\"voc-paragraph\">Hablamos de un &#8216;trench&#8217; que lanz\u00f3 Sfera hace unas semanas y que desde la redacci\u00f3n de Mujerhoy.com ya ten\u00edamos fichado e incluido en nuestrs &#8216;wishlist&#8217;. Sin embargo, ha sido gracias a Carmen de la Cruz cuando hemos confirmado que es el imprescindible que todas quieren. La influencer ha publicado unas fotograf\u00edas en las que aparece luciendo <strong>una gabardina en azul que no es solo bonita por su color, sino tambi\u00e9n por su dise\u00f1o diferente<\/strong>. \u00a1Te va encantar!\n<\/p>\n<p class=\"voc-paragraph\">Se trata de <strong>un &#8216;trench&#8217; en color azul<\/strong> que ha gustado tant\u00edsimo por su <strong>espalda plisada<\/strong>. Por delante, es un modelo de gabardina cl\u00e1sico con su <strong>cintur\u00f3n, su doble abotonadura y sus solapas<\/strong>. Adem\u00e1s, tiene el largo tendencia perfecto para las que se atreven con ese estilo masculino que tanto se lleva. Sin embargo, lo mejor es ese efecto plisado que hacen que esta gabardina sea <strong>la m\u00e1s especial del low cost<\/strong>.\n<\/p>\n<p class=\"voc-paragraph\">Un dise\u00f1o que, a pesar de que sus <strong>79,95 euros <\/strong>hacen que no sea una de las prendas m\u00e1s asequibles, ha conseguido <strong>agotarse en poqu\u00edsimo tiempo<\/strong>. De hecho, ahora mismo es pr\u00e1cticamente imposible hacerse con ella de manera online ya que est\u00e1 desaparecida en la web de la firma. Eso s\u00ed, al ser una prenda de temporada las posibilidades de encontrarla en tienda son altas. O tambi\u00e9n puede ser una de esas prendas que tienes que meter en la lista de &#8216;chollos de las rebajas que no puedes dejar escapar&#8217;&#8230;. Ah\u00ed lo dejamos.\n<\/p>\n<div class=\"voc-detail__cmp voc-detail__cmp--pad-lr voc-detail__cmp--pad-lr--bdr\">\n<div class=\"voc-ficha-detail__wrapper\">\n<section class=\"voc-ficha-detail\">\n<h4 class=\"voc-ficha-detail-title voc-title-section\">te recomendamos<\/h4>\n<\/section>\n<\/div>\n<\/div>\n<p><!-- TOPICS --><\/p>\n","protected":false},"excerpt":{"rendered":"<p>Parece que el entretiempo se est\u00e1 alargando m\u00e1s de lo esperado y si todav\u00eda no te has hecho con una gabardina est\u00e1s a tiempo. Si pienses que no vas a darle mucho uso, est\u00e1s muy equivocada, porque adem\u00e1s de sacarle much\u00edsimo partido, ya que es la chaqueta que mejor va con este f\u00edo-calor constante, es [&hellip;]<\/p>\n","protected":false},"author":1,"featured_media":31258,"comment_status":"closed","ping_status":"closed","sticky":false,"template":"","format":"standard","meta":[],"categories":[1],"tags":[],"_links":{"self":[{"href":"http:\/\/hoycordobaweb.com\/index.php\/wp-json\/wp\/v2\/posts\/31257"}],"collection":[{"href":"http:\/\/hoycordobaweb.com\/index.php\/wp-json\/wp\/v2\/posts"}],"about":[{"href":"http:\/\/hoycordobaweb.com\/index.php\/wp-json\/wp\/v2\/types\/post"}],"author":[{"embeddable":true,"href":"http:\/\/hoycordobaweb.com\/index.php\/wp-json\/wp\/v2\/users\/1"}],"replies":[{"embeddable":true,"href":"http:\/\/hoycordobaweb.com\/index.php\/wp-json\/wp\/v2\/comments?post=31257"}],"version-history":[{"count":0,"href":"http:\/\/hoycordobaweb.com\/index.php\/wp-json\/wp\/v2\/posts\/31257\/revisions"}],"wp:featuredmedia":[{"embeddable":true,"href":"http:\/\/hoycordobaweb.com\/index.php\/wp-json\/wp\/v2\/media\/31258"}],"wp:attachment":[{"href":"http:\/\/hoycordobaweb.com\/index.php\/wp-json\/wp\/v2\/media?parent=31257"}],"wp:term":[{"taxonomy":"category","embeddable":true,"href":"http:\/\/hoycordobaweb.com\/index.php\/wp-json\/wp\/v2\/categories?post=31257"},{"taxonomy":"post_tag","embeddable":true,"href":"http:\/\/hoycordobaweb.com\/index.php\/wp-json\/wp\/v2\/tags?post=31257"}],"curies":[{"name":"wp","href":"https:\/\/api.w.org\/{rel}","templated":true}]}}