{"id":31216,"date":"2021-10-18T12:35:00","date_gmt":"2021-10-18T12:35:00","guid":{"rendered":"http:\/\/hoycordobaweb.com\/index.php\/2021\/10\/18\/myanmar-liberara-a-mas-de-5-000-manifestantes-encarcelados-desde-el-golpe-de-estado\/"},"modified":"2021-10-18T12:35:00","modified_gmt":"2021-10-18T12:35:00","slug":"myanmar-liberara-a-mas-de-5-000-manifestantes-encarcelados-desde-el-golpe-de-estado","status":"publish","type":"post","link":"http:\/\/hoycordobaweb.com\/index.php\/2021\/10\/18\/myanmar-liberara-a-mas-de-5-000-manifestantes-encarcelados-desde-el-golpe-de-estado\/","title":{"rendered":"Myanmar liberar\u00e1 a m\u00e1s de 5.000 manifestantes encarcelados desde el golpe de Estado"},"content":{"rendered":"<p><img src=\"http:\/\/hoycordobaweb.com\/wp-content\/uploads\/2021\/10\/myanmar-liberara-a-mas-de-5-000-manifestantes-encarcelados-desde-el-golpe-de-estado.jpg\"><\/p>\n<div class=\"image\" id=\"image\" readability=\"8\"> <img src=\"http:\/\/hoycordobaweb.com\/wp-content\/uploads\/2021\/10\/myanmar-liberara-a-mas-de-5-000-manifestantes-encarcelados-desde-el-golpe-de-estado-2.jpg\" alt=\"Myanmar (antigua Birmania) se encuentra sumida en el caos desde el golpe de Estado que derroc\u00f3 al Gobierno civil de Aung San Suu Kyi .\" title=\"Myanmar (antigua Birmania) se encuentra sumida en el caos desde el golpe de Estado que derroc\u00f3 al Gobierno civil de Aung San Suu Kyi .\"><\/p>\n<p>Myanmar (antigua Birmania) se encuentra sumida en el caos desde el golpe de Estado que derroc\u00f3 al Gobierno civil de Aung San Suu Kyi .<\/p>\n<\/div>\n<p>Myanmar liberar\u00e1 a m\u00e1s de 5.000 personas que se encuentran encarceladas por protestar contra el golpe de Estado de febrero, anunci\u00f3 este lunes el jefe de la junta militar, d<strong>\u00edas despu\u00e9s de ser excluido de la pr\u00f3xima cumbre de la Asociaci\u00f3n de Naciones del Sudeste Asi\u00e1tico (Asean).<\/strong><\/p>\n<p><strong>Un total de 5.636 prisioneros ser\u00e1n indultados y liberados <\/strong>antes del festival de las luces Thadingyut que comienza este martes, anunci\u00f3 el general Min Aung Hlaing, citado por la agencia de noticias AFP.<\/p>\n<p>Myanmar (antigua Birmania) se encuentra sumida en el caos desde el golpe de Estado que derroc\u00f3 al Gobierno civil de Aung San Suu Kyi y puso fin a un par\u00e9ntesis de una d\u00e9cada de democracia en el pa\u00eds.<\/p>\n<p>Desde entonces,<strong> el Ej\u00e9rcito lleva a cabo una sangrienta represi\u00f3n con m\u00e1s de 1.100 civiles muertos<\/strong> y m\u00e1s de 8.000 personas arrestadas, seg\u00fan la oeneg\u00e9 local Asociaci\u00f3n de Asistencia a los Presos Pol\u00edticos (Aapp).<\/p>\n<p>Seg\u00fan esta organizaci\u00f3n, m\u00e1s de 7.300 personas est\u00e1n actualmente encarceladas en todo el pa\u00eds.<\/p>\n<p>El anuncio se produce despu\u00e9s de que la Asociaci\u00f3n de Naciones del Sudeste Asi\u00e1tico (Asean) excluyera el pasado viernes a Min Aung Hlaing de la pr\u00f3xima cumbre a ra\u00edz de la gesti\u00f3n de la crisis por parte del Gobierno militar.<\/p>\n<p>La organizaci\u00f3n, que re\u00fane a 10 pa\u00edses del sudeste asi\u00e1tico, incluida Myanmar, tom\u00f3 este decisi\u00f3n excepcional despu\u00e9s de que la junta rechazara el env\u00edo de un representante especial para dialogar \u00abcon todas las partes interesadas\u00bb, incluida la exl\u00edder Aung San Suu Kyi.<\/p>\n<p>En su lugar, los cancilleres del bloque decidieron invitar al encuentro, previsto del 26 al 28 de octubre, a un \u00abrepresentante apol\u00edtico\u00bb birmano.<\/p>\n<p><strong>La junta militar birmana critic\u00f3 con dureza la decisi\u00f3n<\/strong>, acusando a la Asean de romper con la tradici\u00f3n del bloque de no interferir en los asuntos internos de sus Estados miembros.<\/p>\n<p>El Gobierno birmano en la sombra, actualmente exiliado y formado por opositores a la Junta militar, recibi\u00f3 con satisfacci\u00f3n la decisi\u00f3n de la de la Asean de excluir al jefe del ej\u00e9rcito.<\/p>\n<p><strong>La junta militar birmana no dio detalles de qui\u00e9n ser\u00eda liberado y las autoridades penitenciarias no quisieron responder.<\/strong><\/p>\n<p>A fines de junio, las autoridades liberaron a m\u00e1s de 2.000 opositores al golpe de Estado, detenidos en varias c\u00e1rceles del pa\u00eds, entre los cuales figuraron periodistas locales por haber criticado la represi\u00f3n de los militares.<\/p>\n<p>El redactor jefe de Frontier Myanmar, Danny Fenster, de nacionalidad estadounidense, sigue detenido en la c\u00e1rcel de Insein, cerca de Yangon, desde su arresto el 24 de mayo.<\/p>\n<p><strong>M\u00e1s de las 1.300 personas que pueden ser liberadas lo ser\u00e1n con la condici\u00f3n de que firmen un documento en el que prometen que no reincidir\u00e1n<\/strong>, declar\u00f3 el general Min Aung Hlaing.<\/p>\n<p>Derrocada por el Ej\u00e9rcito en febrero, Aung San Suu Kyi, de 76 a\u00f1os y premio Nobel de la Paz, est\u00e1 encausada por haber violado restricciones vinculadas a la Covid-19 durante las elecciones del a\u00f1o pasado, que su partido hab\u00eda ganado holgadamente.<\/p>\n<p>Entre otros cargos, est\u00e1 tambi\u00e9n acusada de haber importado ilegalmente walkie-talkies, y puede ser condenada a varios a\u00f1os de prisi\u00f3n si es declarada culpable. <\/p>\n","protected":false},"excerpt":{"rendered":"<p>Myanmar (antigua Birmania) se encuentra sumida en el caos desde el golpe de Estado que derroc\u00f3 al Gobierno civil de Aung San Suu Kyi . Myanmar liberar\u00e1 a m\u00e1s de 5.000 personas que se encuentran encarceladas por protestar contra el golpe de Estado de febrero, anunci\u00f3 este lunes el jefe de la junta militar, d\u00edas [&hellip;]<\/p>\n","protected":false},"author":1,"featured_media":31217,"comment_status":"open","ping_status":"closed","sticky":false,"template":"","format":"standard","meta":[],"categories":[19],"tags":[],"_links":{"self":[{"href":"http:\/\/hoycordobaweb.com\/index.php\/wp-json\/wp\/v2\/posts\/31216"}],"collection":[{"href":"http:\/\/hoycordobaweb.com\/index.php\/wp-json\/wp\/v2\/posts"}],"about":[{"href":"http:\/\/hoycordobaweb.com\/index.php\/wp-json\/wp\/v2\/types\/post"}],"author":[{"embeddable":true,"href":"http:\/\/hoycordobaweb.com\/index.php\/wp-json\/wp\/v2\/users\/1"}],"replies":[{"embeddable":true,"href":"http:\/\/hoycordobaweb.com\/index.php\/wp-json\/wp\/v2\/comments?post=31216"}],"version-history":[{"count":0,"href":"http:\/\/hoycordobaweb.com\/index.php\/wp-json\/wp\/v2\/posts\/31216\/revisions"}],"wp:featuredmedia":[{"embeddable":true,"href":"http:\/\/hoycordobaweb.com\/index.php\/wp-json\/wp\/v2\/media\/31217"}],"wp:attachment":[{"href":"http:\/\/hoycordobaweb.com\/index.php\/wp-json\/wp\/v2\/media?parent=31216"}],"wp:term":[{"taxonomy":"category","embeddable":true,"href":"http:\/\/hoycordobaweb.com\/index.php\/wp-json\/wp\/v2\/categories?post=31216"},{"taxonomy":"post_tag","embeddable":true,"href":"http:\/\/hoycordobaweb.com\/index.php\/wp-json\/wp\/v2\/tags?post=31216"}],"curies":[{"name":"wp","href":"https:\/\/api.w.org\/{rel}","templated":true}]}}