{"id":31127,"date":"2021-10-16T23:22:00","date_gmt":"2021-10-16T23:22:00","guid":{"rendered":"http:\/\/hoycordobaweb.com\/index.php\/2021\/10\/16\/francisco-pidio-a-los-medios-terminar-con-la-logica-de-la-post-verdad-y-desinformacion\/"},"modified":"2021-10-16T23:22:00","modified_gmt":"2021-10-16T23:22:00","slug":"francisco-pidio-a-los-medios-terminar-con-la-logica-de-la-post-verdad-y-desinformacion","status":"publish","type":"post","link":"http:\/\/hoycordobaweb.com\/index.php\/2021\/10\/16\/francisco-pidio-a-los-medios-terminar-con-la-logica-de-la-post-verdad-y-desinformacion\/","title":{"rendered":"Francisco pidi\u00f3 a los medios terminar con la \u00abl\u00f3gica de la post-verdad\u00bb y desinformaci\u00f3n"},"content":{"rendered":"<p><img src=\"http:\/\/hoycordobaweb.com\/wp-content\/uploads\/2021\/10\/francisco-pidio-a-los-medios-terminar-con-la-logica-de-la-post-verdad-y-desinformacion.jpg\"><\/p>\n<div class=\"image\" id=\"image\" readability=\"8\"> <img src=\"http:\/\/hoycordobaweb.com\/wp-content\/uploads\/2021\/10\/francisco-pidio-a-los-medios-terminar-con-la-logica-de-la-post-verdad-y-desinformacion-2.jpg\" alt=\"El papa Francisco solicit\u00f3 a los &quot;Gobiernos y a todos los pol\u00edticos&quot; trabajar por el &quot;bien com\u00fan&quot;.\" title=\"El papa Francisco solicit\u00f3 a los &quot;Gobiernos y a todos los pol\u00edticos&quot; trabajar por el &quot;bien com\u00fan&quot;.\"><\/p>\n<p>El papa Francisco solicit\u00f3 a los \u00abGobiernos y a todos los pol\u00edticos\u00bb trabajar por el \u00abbien com\u00fan\u00bb.<\/p>\n<\/div>\n<p>&nbsp;<\/p>\n<p>El <strong>papa Francisco inst\u00f3 este s\u00e1bado <\/strong>a los medios de comunicaci\u00f3n a terminar con la \u00abl\u00f3gica de la post-verdad\u00bb y la desinformaci\u00f3n, a la vez que pidi\u00f3 a los Gobiernos y pol\u00edticos trabajar por el \u00abbien com\u00fan\u00bb y se cuiden de escuchar solamente a las \u00e9lites econ\u00f3micas.<\/p>\n<p>El pont\u00edfice hizo estos y otros pedidos \u00aben nombre de Dios\u00bb en un hilo de mensajes publicados en su Twitter para dar un \u00abrostro humano\u00bb a los modelos socioecon\u00f3micos de cara a la post-pandemia, tras participar de manera telem\u00e1tica del IV Encuentro Mundial de Movimientos Populares.<\/p>\n<p>\u00abA los <strong>medios de comunicaci\u00f3n<\/strong>, pido que terminen con la l\u00f3gica de la post-verdad, la desinformaci\u00f3n, la difamaci\u00f3n, la calumnia y esa fascinaci\u00f3n enfermiza por el esc\u00e1ndalo y lo sucio; y que busquen contribuir a la fraternidad humana\u00bb, tuite\u00f3.<\/p>\n<div class=\"js-code\" readability=\"8.5017301038062\">\n<blockquote class=\"twitter-tweet\" readability=\"10.391003460208\">\n<p lang=\"es\" dir=\"ltr\">A los medios de comunicaci\u00f3n, pido que terminen con la l\u00f3gica de la post-verdad, la desinformaci\u00f3n, la difamaci\u00f3n, la calumnia y esa fascinaci\u00f3n enfermiza por el esc\u00e1ndalo y lo sucio; y que busquen contribuir a la fraternidad humana.<\/p>\n<p>\u2014 Papa Francisco (@Pontifex_es) <a href=\"https:\/\/twitter.com\/Pontifex_es\/status\/1449406782334439426?ref_src=twsrc%5Etfw\">October 16, 2021<\/a><\/p><\/blockquote><\/div>\n<p>Tambi\u00e9n solicit\u00f3 a los \u00ab<strong>Gobiernos y a todos los pol\u00edticos<\/strong>\u00bb trabajar por el \u00abbien com\u00fan\u00bb.<\/p>\n<p>\u00abCu\u00eddense de escuchar solamente a las elites econ\u00f3micas y sean servidores de los pueblos que claman por tierra, techo, trabajo y una vida buena en armon\u00eda con toda la humanidad y con la creaci\u00f3n\u00bb, agreg\u00f3.<\/p>\n<p>Entre los reclamos hechos por el papa, destacan el pedido a las <strong>compa\u00f1\u00edas farmac\u00e9uticas de liberar las patentes de las vacunas<\/strong> contra el coronavirus y la condonaci\u00f3n por parte de los grupos financieros de las deudas de los Estados \u00abtantas veces contra\u00eddas contra los intereses de esos mismos pueblos\u00bb.<\/p>\n<p>El Sumo Pont\u00edfice tambi\u00e9n hizo un llamado a las<strong> grandes corporaciones<\/strong> mineras, petroleras, forestales, inmobiliarias y agronegocios para que \u00abdejen de destruir la naturaleza, dejen de contaminar, dejen de intoxicar los pueblos y los alimentos\u00bb.<\/p>\n<p>Mientras que urgi\u00f3 a las grandes<strong> corporaciones alimentarias<\/strong> a dejen de imponer \u00abestructuras monop\u00f3licas de producci\u00f3n y distribuci\u00f3n que inflan los precios y terminan qued\u00e1ndose con el pan del hambriento\u00bb.<\/p>\n<div class=\"js-code\" readability=\"6.5447154471545\">\n<blockquote class=\"twitter-tweet\" readability=\"6.5447154471545\">\n<p lang=\"es\" dir=\"ltr\">A las grandes corporaciones alimentarias, pido que dejen de imponer estructuras monop\u00f3licas de producci\u00f3n y distribuci\u00f3n que inflan los precios y terminan qued\u00e1ndose con el pan del hambriento.<\/p>\n<p>\u2014 Papa Francisco (@Pontifex_es) <a href=\"https:\/\/twitter.com\/Pontifex_es\/status\/1449405776028700681?ref_src=twsrc%5Etfw\">October 16, 2021<\/a><\/p><\/blockquote><\/div>\n<p>El papa concluy\u00f3 la serie de mensajes con un llamado a todos los<strong> l\u00edderes religiosos<\/strong>: Pido que nunca usemos el nombre de Dios para fomentar guerras. Estemos junto a los pueblos, a los trabajadores, a los humildes y luchemos junto a ellos para que el desarrollo humano integral sea una realidad. Tendamos puentes de amor\u00bb, sentenci\u00f3. <\/p>\n","protected":false},"excerpt":{"rendered":"<p>El papa Francisco solicit\u00f3 a los \u00abGobiernos y a todos los pol\u00edticos\u00bb trabajar por el \u00abbien com\u00fan\u00bb. &nbsp; El papa Francisco inst\u00f3 este s\u00e1bado a los medios de comunicaci\u00f3n a terminar con la \u00abl\u00f3gica de la post-verdad\u00bb y la desinformaci\u00f3n, a la vez que pidi\u00f3 a los Gobiernos y pol\u00edticos trabajar por el \u00abbien com\u00fan\u00bb [&hellip;]<\/p>\n","protected":false},"author":1,"featured_media":31128,"comment_status":"open","ping_status":"closed","sticky":false,"template":"","format":"standard","meta":[],"categories":[24],"tags":[],"_links":{"self":[{"href":"http:\/\/hoycordobaweb.com\/index.php\/wp-json\/wp\/v2\/posts\/31127"}],"collection":[{"href":"http:\/\/hoycordobaweb.com\/index.php\/wp-json\/wp\/v2\/posts"}],"about":[{"href":"http:\/\/hoycordobaweb.com\/index.php\/wp-json\/wp\/v2\/types\/post"}],"author":[{"embeddable":true,"href":"http:\/\/hoycordobaweb.com\/index.php\/wp-json\/wp\/v2\/users\/1"}],"replies":[{"embeddable":true,"href":"http:\/\/hoycordobaweb.com\/index.php\/wp-json\/wp\/v2\/comments?post=31127"}],"version-history":[{"count":0,"href":"http:\/\/hoycordobaweb.com\/index.php\/wp-json\/wp\/v2\/posts\/31127\/revisions"}],"wp:featuredmedia":[{"embeddable":true,"href":"http:\/\/hoycordobaweb.com\/index.php\/wp-json\/wp\/v2\/media\/31128"}],"wp:attachment":[{"href":"http:\/\/hoycordobaweb.com\/index.php\/wp-json\/wp\/v2\/media?parent=31127"}],"wp:term":[{"taxonomy":"category","embeddable":true,"href":"http:\/\/hoycordobaweb.com\/index.php\/wp-json\/wp\/v2\/categories?post=31127"},{"taxonomy":"post_tag","embeddable":true,"href":"http:\/\/hoycordobaweb.com\/index.php\/wp-json\/wp\/v2\/tags?post=31127"}],"curies":[{"name":"wp","href":"https:\/\/api.w.org\/{rel}","templated":true}]}}