{"id":31024,"date":"2021-10-14T21:40:51","date_gmt":"2021-10-14T21:40:51","guid":{"rendered":"https:\/\/manoamanocba.com.ar\/?p=4733"},"modified":"2021-10-14T21:40:51","modified_gmt":"2021-10-14T21:40:51","slug":"cordoba-vacunara-a-ninos-y-ninas-de-3-a-11-anos","status":"publish","type":"post","link":"http:\/\/hoycordobaweb.com\/index.php\/2021\/10\/14\/cordoba-vacunara-a-ninos-y-ninas-de-3-a-11-anos\/","title":{"rendered":"C\u00f3rdoba: Vacunar\u00e1 a ni\u00f1os y ni\u00f1as de 3 a 11 a\u00f1os"},"content":{"rendered":"<div><img src=\"http:\/\/hoycordobaweb.com\/wp-content\/uploads\/2021\/10\/cordoba-vacunara-a-ninos-y-ninas-de-3-a-11-anos.jpg\" class=\"ff-og-image-inserted\"><\/div>\n<p>Durante esta ma\u00f1ana, autoridades del&nbsp;<strong>Ministerio de Salud<\/strong>, referentes de la&nbsp;<strong>Comisi\u00f3n de Vacunaci\u00f3n<\/strong>&nbsp;y directivos de la&nbsp;<strong>Sociedad Argentina de Pediatr\u00eda filial C\u00f3rdoba<\/strong>&nbsp;se reunieron para acordar la&nbsp;<strong>adhesi\u00f3n de la provincia al plan masivo de vacunaci\u00f3n a ni\u00f1os y ni\u00f1as de 3 a 11 a\u00f1os<\/strong>.<\/p>\n<p>El plan contempla que en la medida en que la Provincia acceda a las dosis de Sinopharm, se avanzar\u00e1 con la inmunizaci\u00f3n a este grupo de la poblaci\u00f3n en los centros masivos de vacunaci\u00f3n, centros de salud y educativos.<\/p>\n<p>A partir de este martes, padres, madres o familiares a cargo pueden inscribir a sus hijos\/as en&nbsp;<a href=\"https:\/\/vacunacioncovid19.cba.gov.ar\/\">https:\/\/vacunacioncovid19.cba.gov.ar\/<\/a>&nbsp;y esperar la confirmaci\u00f3n del turno que indica fecha y horario para asistir.<\/p>\n<p>Se&nbsp;<strong>priorizar\u00e1n personas con comorbilidades<\/strong>, pero&nbsp;<strong>en simult\u00e1neo se avanzar\u00e1 con el resto de la poblaci\u00f3n.<\/strong><\/p>\n<p>Vale destacar que, la inmunizaci\u00f3n a este rango etario se realizar\u00e1 con la&nbsp;<strong>vacuna Sinopharm<\/strong>, la cual est\u00e1&nbsp;<strong>aprobada por ANMAT<\/strong>, el mayor ente regulador a nivel nacional.<\/p>\n<p>Al respecto, Hector Pedicino, presidente de la&nbsp;<strong>SAP filial C\u00f3rdoba<\/strong>, manifest\u00f3: \u201c<em>Estamos muy conformes con esta reuni\u00f3n, avanzando en caminos comunes para poder dar tranquilidad a las familias respecto a la utilidad y la seguridad de la vacunaci\u00f3n de ni\u00f1os de entre 3 y 11 a\u00f1os con la vacuna Sinopharm\u201d.<\/em><\/p>\n<p>\u201c<em>Debemos aprovechar estos momentos para reforzar los esquemas de vacunaci\u00f3n comunes. Recordamos a madre y padres que lleven a sus ni\u00f1os a vacunatorios para actualizar el esquema\u201d,&nbsp;<\/em>agreg\u00f3 el especialista.<\/p>\n<p>En este sentido, es una oportunidad para&nbsp;<strong>fortalecer el esquema nacional del calendario de vacunaci\u00f3n<\/strong>; debe tenerse en cuenta, adem\u00e1s que la vacuna por coronavirus puede ser co-administrada junto al resto de vacunas del Carnet.<\/p>\n<h3><strong>Plan masivo de vacunaci\u00f3n<\/strong><\/h3>\n<p>Durante la reuni\u00f3n, los y las especialistas enfatizaron en la importancia de que se avance con el&nbsp;<strong>plan masivo de vacunaci\u00f3n por Covid-19 en este rango etario<\/strong>&nbsp;para&nbsp;<strong>disminuir la circulaci\u00f3n del virus&nbsp;<\/strong>y&nbsp;<strong>fortalecer la presencialidad en las escuelas.<\/strong><\/p>\n<p>Vale agregar que ayer comenz\u00f3 la vacunaci\u00f3n con dosis de Pfizer a&nbsp;<strong>mayores de 12 a\u00f1os en instituciones educativas<\/strong>, y se espera el arribo de nuevas partidas para continuar con el plan.<\/p>\n<p>Se trata de un&nbsp;<strong>trabajo en com\u00fan entre las carteras sanitarias y educativas<\/strong>, a trav\u00e9s del cual se&nbsp;<strong>seleccionaron las 145 escuelas con mayor matriculaci\u00f3n a nivel secundario<\/strong>&nbsp;para avanzar en las mismas con la campa\u00f1a.<\/p>\n<p>Al respecto, Gabriela Barbas, secretaria de Prevenci\u00f3n y Promoci\u00f3n de la salud, valor\u00f3: \u201c<em>Se logr\u00f3 una alta adhesi\u00f3n de los y las j\u00f3venes, vacun\u00e1ndose a m\u00e1s de 1.300 adolescentes\u201d<\/em>.<\/p>\n<p>Por \u00faltimo, se resalt\u00f3 que si bien se est\u00e1 avanzando en la estrategia de vacunaci\u00f3n masiva, se deben seguir sosteniendo las medidas de prevenci\u00f3n como el&nbsp;<strong>uso adecuado del barbijo, ventilaci\u00f3n adecuada, lavado frecuente de manos y distanciamiento.<\/strong><\/p>\n","protected":false},"excerpt":{"rendered":"<p>Durante esta ma\u00f1ana, autoridades del&nbsp;Ministerio de Salud, referentes de la&nbsp;Comisi\u00f3n de Vacunaci\u00f3n&nbsp;y directivos de la&nbsp;Sociedad Argentina de Pediatr\u00eda filial C\u00f3rdoba&nbsp;se reunieron para acordar la&nbsp;adhesi\u00f3n de la provincia al plan masivo de vacunaci\u00f3n a ni\u00f1os y ni\u00f1as de 3 a 11 a\u00f1os. El plan contempla que en la medida en que la Provincia acceda a las [&hellip;]<\/p>\n","protected":false},"author":1,"featured_media":31025,"comment_status":"closed","ping_status":"closed","sticky":false,"template":"","format":"standard","meta":[],"categories":[19],"tags":[],"_links":{"self":[{"href":"http:\/\/hoycordobaweb.com\/index.php\/wp-json\/wp\/v2\/posts\/31024"}],"collection":[{"href":"http:\/\/hoycordobaweb.com\/index.php\/wp-json\/wp\/v2\/posts"}],"about":[{"href":"http:\/\/hoycordobaweb.com\/index.php\/wp-json\/wp\/v2\/types\/post"}],"author":[{"embeddable":true,"href":"http:\/\/hoycordobaweb.com\/index.php\/wp-json\/wp\/v2\/users\/1"}],"replies":[{"embeddable":true,"href":"http:\/\/hoycordobaweb.com\/index.php\/wp-json\/wp\/v2\/comments?post=31024"}],"version-history":[{"count":0,"href":"http:\/\/hoycordobaweb.com\/index.php\/wp-json\/wp\/v2\/posts\/31024\/revisions"}],"wp:featuredmedia":[{"embeddable":true,"href":"http:\/\/hoycordobaweb.com\/index.php\/wp-json\/wp\/v2\/media\/31025"}],"wp:attachment":[{"href":"http:\/\/hoycordobaweb.com\/index.php\/wp-json\/wp\/v2\/media?parent=31024"}],"wp:term":[{"taxonomy":"category","embeddable":true,"href":"http:\/\/hoycordobaweb.com\/index.php\/wp-json\/wp\/v2\/categories?post=31024"},{"taxonomy":"post_tag","embeddable":true,"href":"http:\/\/hoycordobaweb.com\/index.php\/wp-json\/wp\/v2\/tags?post=31024"}],"curies":[{"name":"wp","href":"https:\/\/api.w.org\/{rel}","templated":true}]}}