{"id":31012,"date":"2021-10-14T23:28:00","date_gmt":"2021-10-14T23:28:00","guid":{"rendered":"https:\/\/fm-comunicar.com.ar\/contenido\/18344\/por-el-viento-chocaron-tres-camiones-en-la-ruta-17-y-uno-de-los-choferes-murio"},"modified":"2021-10-14T23:28:00","modified_gmt":"2021-10-14T23:28:00","slug":"por-el-viento-chocaron-tres-camiones-en-la-ruta-17-y-uno-de-los-choferes-murio","status":"publish","type":"post","link":"http:\/\/hoycordobaweb.com\/index.php\/2021\/10\/14\/por-el-viento-chocaron-tres-camiones-en-la-ruta-17-y-uno-de-los-choferes-murio\/","title":{"rendered":"Por el viento, chocaron tres camiones en la Ruta 17 y uno de los choferes muri\u00f3"},"content":{"rendered":"<p>El siniestro ocurri\u00f3 pasadas las 16, cuando lleg\u00f3 al sector el temporal. Los tres veh\u00edculos iban cargados con cereales y circulaban en la misma direcci\u00f3n.<img src=\"http:\/\/hoycordobaweb.com\/wp-content\/uploads\/2021\/10\/por-el-viento-chocaron-tres-camiones-en-la-ruta-17-y-uno-de-los-choferes-murio.jpg\"><\/p>\n","protected":false},"excerpt":{"rendered":"<p>El siniestro ocurri\u00f3 pasadas las 16, cuando lleg\u00f3 al sector el temporal. Los tres veh\u00edculos iban cargados con cereales y circulaban en la misma direcci\u00f3n.<\/p>\n","protected":false},"author":1,"featured_media":31013,"comment_status":"closed","ping_status":"closed","sticky":false,"template":"","format":"standard","meta":[],"categories":[18],"tags":[],"_links":{"self":[{"href":"http:\/\/hoycordobaweb.com\/index.php\/wp-json\/wp\/v2\/posts\/31012"}],"collection":[{"href":"http:\/\/hoycordobaweb.com\/index.php\/wp-json\/wp\/v2\/posts"}],"about":[{"href":"http:\/\/hoycordobaweb.com\/index.php\/wp-json\/wp\/v2\/types\/post"}],"author":[{"embeddable":true,"href":"http:\/\/hoycordobaweb.com\/index.php\/wp-json\/wp\/v2\/users\/1"}],"replies":[{"embeddable":true,"href":"http:\/\/hoycordobaweb.com\/index.php\/wp-json\/wp\/v2\/comments?post=31012"}],"version-history":[{"count":0,"href":"http:\/\/hoycordobaweb.com\/index.php\/wp-json\/wp\/v2\/posts\/31012\/revisions"}],"wp:featuredmedia":[{"embeddable":true,"href":"http:\/\/hoycordobaweb.com\/index.php\/wp-json\/wp\/v2\/media\/31013"}],"wp:attachment":[{"href":"http:\/\/hoycordobaweb.com\/index.php\/wp-json\/wp\/v2\/media?parent=31012"}],"wp:term":[{"taxonomy":"category","embeddable":true,"href":"http:\/\/hoycordobaweb.com\/index.php\/wp-json\/wp\/v2\/categories?post=31012"},{"taxonomy":"post_tag","embeddable":true,"href":"http:\/\/hoycordobaweb.com\/index.php\/wp-json\/wp\/v2\/tags?post=31012"}],"curies":[{"name":"wp","href":"https:\/\/api.w.org\/{rel}","templated":true}]}}