{"id":30991,"date":"2021-10-14T11:50:55","date_gmt":"2021-10-14T11:50:55","guid":{"rendered":"https:\/\/www.mujerhoy.com\/moda\/tendencias\/falda-piel-tendencia-otono-zara-mango-massimo-dutti-tres-colores-20211014212000-nt.html"},"modified":"2021-10-14T11:50:55","modified_gmt":"2021-10-14T11:50:55","slug":"la-falda-de-piel-es-la-prenda-que-te-va-salvar-mas-de-un-look-este-otono-y-la-tenemos-en-los-tres-colores-basicos-de-la-temporada","status":"publish","type":"post","link":"http:\/\/hoycordobaweb.com\/index.php\/2021\/10\/14\/la-falda-de-piel-es-la-prenda-que-te-va-salvar-mas-de-un-look-este-otono-y-la-tenemos-en-los-tres-colores-basicos-de-la-temporada\/","title":{"rendered":"La falda de piel es la prenda que te va salvar m\u00e1s de un look este oto\u00f1o y la tenemos en los tres colores b\u00e1sicos de la temporada"},"content":{"rendered":"<p><!-- AUTHOR --><!-- COMPONENTS --><\/p>\n<p class=\"voc-paragraph\">Puedes decantarte por la <a data-voc-vtm-id=\"in-text-traffic\" href=\"https:\/\/www.mujerhoy.com\/moda\/tendencias\/falda-satinada-lencera-basico-armario-entretiempo-favorece-todas-edades-barata-bonita-mango-zara-20210825141848-nt.html\">satinada lencera<\/a>, por la vaquera para tus looks <a data-voc-vtm-id=\"in-text-traffic\" href=\"https:\/\/www.mujerhoy.com\/moda\/tendencias\/falda-vaquera-vuelo-massimo-dutti-sienta-bien-20210929215040-nt.html\">con blusa y botas altas<\/a> o por la <a data-voc-vtm-id=\"in-text-traffic\" href=\"https:\/\/www.mujerhoy.com\/moda\/no-te-pierdas\/falda-midi-stradivarius-tres-colores-looks-botas-20210906002710-nt.html\">m\u00e1s bonita del momento<\/a> que te vas a poner con tus botas favoritas. Decidas lo que decidas, la falda es una de esas prendas que siempre quedan bien y nos ayudan a lucir impecables. Pero si adem\u00e1s de ser infalible quieres vestir a la \u00faltima y contar en tu armario con un comod\u00edn que te va a salvar m\u00e1s de un look este oto\u00f1o no puedes dejar de tener una <strong>falda de piel<\/strong>. O en versi\u00f3n low cost, en efecto piel. <\/p>\n<p class=\"voc-paragraph\">Porque este tipo de tejido es ideal para esta \u00e9poca del a\u00f1o, y esta prenda es la ideal para un look infalible. As\u00ed que el resultado es un estilismo al que no se le puede poner un \u00abpero\u00bb, <strong>tanto si decides acompa\u00f1arlo por un jersey o un chaleco de punto como si lo tuyo son las camisas. O las biker<\/strong>. Y lo mejor es que en nuestras firmas de moda favoritas la hemos encontrado en los tonos perfectos para el oto\u00f1o, para que no tengas excusa a la hora de sumarte a esta tendencia. <\/p>\n<div class=\"voc-detail-photo-zoom\"><picture data-toggle=\"modal\" data-target=\"#photoZoomModal-555\" target=\"modal\">\n<div class=\"voc-img-icon-link\"><img loading=\"lazy\" data-original=\"\/\/static2.mujerhoy.com\/www\/multimedia\/202110\/13\/media\/cortadas\/Faldas-efecto-piel-massimo-kvJD--460x637@MujerHoy.jpg\" class=\"lazy\"><noscript><img src=\"http:\/\/hoycordobaweb.com\/wp-content\/uploads\/2021\/10\/la-falda-de-piel-es-la-prenda-que-te-va-salvar-mas-de-un-look-este-otono-y-la-tenemos-en-los-tres-colores-basicos-de-la-temporada.jpg\" alt><\/noscript><i class=\"voc-icons zoom voc-multimedia-box voc-ico-l\"><\/i><\/div><figcaption class=\"figure-caption\"><\/figcaption><\/picture><\/div>\n<div id=\"photoZoomModal-555\" class=\"voc-lightbox modal fade voc-lightbox--photo-zoom\" role=\"dialog\" data-voc-photozoom-lightbox>\n<div class=\"voc-lightbox__dialog\" role=\"document\">\n<div class=\"voc-lightbox__content\"><!-- Modal header --><\/p>\n<header class=\"voc-lightbox__header\"><span class=\"voc-lightbox__title\"><\/span><\/header>\n<p><!-- Modal content --><\/p>\n<div class=\"voc-lightbox__photo-container\"><picture class><img loading=\"lazy\" data-original=\"\/\/static2.mujerhoy.com\/www\/multimedia\/202110\/13\/media\/cortadas\/Faldas-efecto-piel-massimo-kvJD--460x637@MujerHoy.jpg\" alt class=\"lazy\"><noscript><img src=\"http:\/\/hoycordobaweb.com\/wp-content\/uploads\/2021\/10\/la-falda-de-piel-es-la-prenda-que-te-va-salvar-mas-de-un-look-este-otono-y-la-tenemos-en-los-tres-colores-basicos-de-la-temporada.jpg\" alt><\/noscript><\/picture><\/div>\n<\/div>\n<\/div>\n<\/div>\n<p class=\"voc-paragraph\">En Massimo Dutti han apostado por el color marr\u00f3n para una falda <strong>confeccionada en piel ovina con cierre de cremallera en un lateral del frontal<\/strong>. De corte recto y dise\u00f1o de paneles, viene con forro interior y podemos encontrarla entre las tallas XS y L por 199 euros. <\/p>\n<div class=\"voc-detail-photo-zoom\"><picture data-toggle=\"modal\" data-target=\"#photoZoomModal-971\" target=\"modal\">\n<div class=\"voc-img-icon-link\"><img loading=\"lazy\" data-original=\"\/\/static1.mujerhoy.com\/www\/multimedia\/202110\/13\/media\/cortadas\/Faldas-efecto-piel-Mango-kvJD--460x637@MujerHoy.jpeg\" class=\"lazy\"><noscript><img src=\"http:\/\/hoycordobaweb.com\/wp-content\/uploads\/2021\/10\/la-falda-de-piel-es-la-prenda-que-te-va-salvar-mas-de-un-look-este-otono-y-la-tenemos-en-los-tres-colores-basicos-de-la-temporada-1.jpg\" alt><\/noscript><i class=\"voc-icons zoom voc-multimedia-box voc-ico-l\"><\/i><\/div><figcaption class=\"figure-caption\"><\/figcaption><\/picture><\/div>\n<div id=\"photoZoomModal-971\" class=\"voc-lightbox modal fade voc-lightbox--photo-zoom\" role=\"dialog\" data-voc-photozoom-lightbox>\n<div class=\"voc-lightbox__dialog\" role=\"document\">\n<div class=\"voc-lightbox__content\"><!-- Modal header --><\/p>\n<header class=\"voc-lightbox__header\"><span class=\"voc-lightbox__title\"><\/span><\/header>\n<p><!-- Modal content --><\/p>\n<div class=\"voc-lightbox__photo-container\"><picture class><img loading=\"lazy\" data-original=\"\/\/static1.mujerhoy.com\/www\/multimedia\/202110\/13\/media\/cortadas\/Faldas-efecto-piel-Mango-kvJD--460x637@MujerHoy.jpeg\" alt class=\"lazy\"><noscript><img src=\"http:\/\/hoycordobaweb.com\/wp-content\/uploads\/2021\/10\/la-falda-de-piel-es-la-prenda-que-te-va-salvar-mas-de-un-look-este-otono-y-la-tenemos-en-los-tres-colores-basicos-de-la-temporada-1.jpg\" alt><\/noscript><\/picture><\/div>\n<\/div>\n<\/div>\n<\/div>\n<p class=\"voc-paragraph\">En Mango se han decantado por el color crudo para esta falda confeccionada al 100% en piel. De <strong>dise\u00f1o acampanado midi y tiro medio<\/strong>, tambi\u00e9n tiene forro interior y cuesta 149,99 euros, pero en la tienda online solo queda en la talla L. <\/p>\n<div class=\"voc-detail-photo-zoom\"><picture data-toggle=\"modal\" data-target=\"#photoZoomModal-735\" target=\"modal\">\n<div class=\"voc-img-icon-link\"><img loading=\"lazy\" data-original=\"\/\/static.mujerhoy.com\/www\/multimedia\/202110\/13\/media\/cortadas\/Faldas-efecto-piel-zara-kvJD--460x637@MujerHoy.jpg\" class=\"lazy\"><noscript><img src=\"http:\/\/hoycordobaweb.com\/wp-content\/uploads\/2021\/10\/la-falda-de-piel-es-la-prenda-que-te-va-salvar-mas-de-un-look-este-otono-y-la-tenemos-en-los-tres-colores-basicos-de-la-temporada-2.jpg\" alt><\/noscript><i class=\"voc-icons zoom voc-multimedia-box voc-ico-l\"><\/i><\/div><figcaption class=\"figure-caption\"><\/figcaption><\/picture><\/div>\n<div id=\"photoZoomModal-735\" class=\"voc-lightbox modal fade voc-lightbox--photo-zoom\" role=\"dialog\" data-voc-photozoom-lightbox>\n<div class=\"voc-lightbox__dialog\" role=\"document\">\n<div class=\"voc-lightbox__content\"><!-- Modal header --><\/p>\n<header class=\"voc-lightbox__header\"><span class=\"voc-lightbox__title\"><\/span><\/header>\n<p><!-- Modal content --><\/p>\n<div class=\"voc-lightbox__photo-container\"><picture class><img loading=\"lazy\" data-original=\"\/\/static.mujerhoy.com\/www\/multimedia\/202110\/13\/media\/cortadas\/Faldas-efecto-piel-zara-kvJD--460x637@MujerHoy.jpg\" alt class=\"lazy\"><noscript><img src=\"http:\/\/hoycordobaweb.com\/wp-content\/uploads\/2021\/10\/la-falda-de-piel-es-la-prenda-que-te-va-salvar-mas-de-un-look-este-otono-y-la-tenemos-en-los-tres-colores-basicos-de-la-temporada-2.jpg\" alt><\/noscript><\/picture><\/div>\n<\/div>\n<\/div>\n<\/div>\n<p class=\"voc-paragraph\">Por \u00faltimo en Zara, y en su versi\u00f3n low cost en efecto piel, han escogido el color negro para esta <strong>falda midi de tiro alto con tejido perforado y forro interior <\/strong>combinado a tono. Con un precio de 39,95 euros, est\u00e1 disponible entre las tallas S y XL. <\/p>\n<div class=\"voc-detail__cmp voc-detail__cmp--pad-lr voc-detail__cmp--pad-lr--bdr\">\n<div class=\"voc-ficha-detail__wrapper\">\n<section class=\"voc-ficha-detail\">\n<h4 class=\"voc-ficha-detail-title voc-title-section\">Te recomendamos<\/h4>\n<\/section>\n<\/div>\n<\/div>\n<p><!-- TOPICS --><\/p>\n","protected":false},"excerpt":{"rendered":"<p>Puedes decantarte por la satinada lencera, por la vaquera para tus looks con blusa y botas altas o por la m\u00e1s bonita del momento que te vas a poner con tus botas favoritas. Decidas lo que decidas, la falda es una de esas prendas que siempre quedan bien y nos ayudan a lucir impecables. Pero [&hellip;]<\/p>\n","protected":false},"author":1,"featured_media":30992,"comment_status":"closed","ping_status":"closed","sticky":false,"template":"","format":"standard","meta":[],"categories":[1],"tags":[],"_links":{"self":[{"href":"http:\/\/hoycordobaweb.com\/index.php\/wp-json\/wp\/v2\/posts\/30991"}],"collection":[{"href":"http:\/\/hoycordobaweb.com\/index.php\/wp-json\/wp\/v2\/posts"}],"about":[{"href":"http:\/\/hoycordobaweb.com\/index.php\/wp-json\/wp\/v2\/types\/post"}],"author":[{"embeddable":true,"href":"http:\/\/hoycordobaweb.com\/index.php\/wp-json\/wp\/v2\/users\/1"}],"replies":[{"embeddable":true,"href":"http:\/\/hoycordobaweb.com\/index.php\/wp-json\/wp\/v2\/comments?post=30991"}],"version-history":[{"count":0,"href":"http:\/\/hoycordobaweb.com\/index.php\/wp-json\/wp\/v2\/posts\/30991\/revisions"}],"wp:featuredmedia":[{"embeddable":true,"href":"http:\/\/hoycordobaweb.com\/index.php\/wp-json\/wp\/v2\/media\/30992"}],"wp:attachment":[{"href":"http:\/\/hoycordobaweb.com\/index.php\/wp-json\/wp\/v2\/media?parent=30991"}],"wp:term":[{"taxonomy":"category","embeddable":true,"href":"http:\/\/hoycordobaweb.com\/index.php\/wp-json\/wp\/v2\/categories?post=30991"},{"taxonomy":"post_tag","embeddable":true,"href":"http:\/\/hoycordobaweb.com\/index.php\/wp-json\/wp\/v2\/tags?post=30991"}],"curies":[{"name":"wp","href":"https:\/\/api.w.org\/{rel}","templated":true}]}}