{"id":30963,"date":"2021-10-13T20:35:00","date_gmt":"2021-10-13T20:35:00","guid":{"rendered":"https:\/\/fm-comunicar.com.ar\/contenido\/18337\/la-presentacion-del-festival-en-vivo-por-la-tele-de-la-coope"},"modified":"2021-10-13T20:35:00","modified_gmt":"2021-10-13T20:35:00","slug":"la-presentacion-del-festival-en-vivo-por-la-tele-de-la-coope","status":"publish","type":"post","link":"http:\/\/hoycordobaweb.com\/index.php\/2021\/10\/13\/la-presentacion-del-festival-en-vivo-por-la-tele-de-la-coope\/","title":{"rendered":"La presentaci\u00f3n del Festival, en vivo por La Tele de la Coope"},"content":{"rendered":"<p>Canal Coop y Canal 907 transmitir\u00e1n este jueves a las 10:30 el acto en el que se presentar\u00e1 la grilla de la fiesta gaucha que se realizar\u00e1 del 7 al 17 de enero del 2022.<img src=\"http:\/\/hoycordobaweb.com\/wp-content\/uploads\/2021\/10\/la-presentacion-del-festival-en-vivo-por-la-tele-de-la-coope.png\"><\/p>\n","protected":false},"excerpt":{"rendered":"<p>Canal Coop y Canal 907 transmitir\u00e1n este jueves a las 10:30 el acto en el que se presentar\u00e1 la grilla de la fiesta gaucha que se realizar\u00e1 del 7 al 17 de enero del 2022.<\/p>\n","protected":false},"author":1,"featured_media":30964,"comment_status":"closed","ping_status":"closed","sticky":false,"template":"","format":"standard","meta":[],"categories":[18],"tags":[],"_links":{"self":[{"href":"http:\/\/hoycordobaweb.com\/index.php\/wp-json\/wp\/v2\/posts\/30963"}],"collection":[{"href":"http:\/\/hoycordobaweb.com\/index.php\/wp-json\/wp\/v2\/posts"}],"about":[{"href":"http:\/\/hoycordobaweb.com\/index.php\/wp-json\/wp\/v2\/types\/post"}],"author":[{"embeddable":true,"href":"http:\/\/hoycordobaweb.com\/index.php\/wp-json\/wp\/v2\/users\/1"}],"replies":[{"embeddable":true,"href":"http:\/\/hoycordobaweb.com\/index.php\/wp-json\/wp\/v2\/comments?post=30963"}],"version-history":[{"count":0,"href":"http:\/\/hoycordobaweb.com\/index.php\/wp-json\/wp\/v2\/posts\/30963\/revisions"}],"wp:featuredmedia":[{"embeddable":true,"href":"http:\/\/hoycordobaweb.com\/index.php\/wp-json\/wp\/v2\/media\/30964"}],"wp:attachment":[{"href":"http:\/\/hoycordobaweb.com\/index.php\/wp-json\/wp\/v2\/media?parent=30963"}],"wp:term":[{"taxonomy":"category","embeddable":true,"href":"http:\/\/hoycordobaweb.com\/index.php\/wp-json\/wp\/v2\/categories?post=30963"},{"taxonomy":"post_tag","embeddable":true,"href":"http:\/\/hoycordobaweb.com\/index.php\/wp-json\/wp\/v2\/tags?post=30963"}],"curies":[{"name":"wp","href":"https:\/\/api.w.org\/{rel}","templated":true}]}}