{"id":30961,"date":"2021-10-13T22:00:00","date_gmt":"2021-10-13T22:00:00","guid":{"rendered":"https:\/\/fm-comunicar.com.ar\/contenido\/18338\/la-escuela-olga-cossettini-abre-las-pre-inscripciones-para-el-ciclo-lectivo-2022"},"modified":"2021-10-13T22:00:00","modified_gmt":"2021-10-13T22:00:00","slug":"la-escuela-olga-cossettini-abre-las-pre-inscripciones-para-el-ciclo-lectivo-2022","status":"publish","type":"post","link":"http:\/\/hoycordobaweb.com\/index.php\/2021\/10\/13\/la-escuela-olga-cossettini-abre-las-pre-inscripciones-para-el-ciclo-lectivo-2022\/","title":{"rendered":"La escuela Olga Cossettini abre las pre-inscripciones para el ciclo lectivo 2022"},"content":{"rendered":"<p>Basado en la ense\u00f1anza desde la mirada ambiental, art\u00edstica y en valores, el centro educativo ya planifica el trabajo del pr\u00f3ximo a\u00f1o. En esta nota se puede acceder a los formularios virtuales.<img src=\"http:\/\/hoycordobaweb.com\/wp-content\/uploads\/2021\/10\/la-escuela-olga-cossettini-abre-las-pre-inscripciones-para-el-ciclo-lectivo-2022.jpg\"><\/p>\n","protected":false},"excerpt":{"rendered":"<p>Basado en la ense\u00f1anza desde la mirada ambiental, art\u00edstica y en valores, el centro educativo ya planifica el trabajo del pr\u00f3ximo a\u00f1o. En esta nota se puede acceder a los formularios virtuales.<\/p>\n","protected":false},"author":1,"featured_media":30962,"comment_status":"closed","ping_status":"closed","sticky":false,"template":"","format":"standard","meta":[],"categories":[18],"tags":[],"_links":{"self":[{"href":"http:\/\/hoycordobaweb.com\/index.php\/wp-json\/wp\/v2\/posts\/30961"}],"collection":[{"href":"http:\/\/hoycordobaweb.com\/index.php\/wp-json\/wp\/v2\/posts"}],"about":[{"href":"http:\/\/hoycordobaweb.com\/index.php\/wp-json\/wp\/v2\/types\/post"}],"author":[{"embeddable":true,"href":"http:\/\/hoycordobaweb.com\/index.php\/wp-json\/wp\/v2\/users\/1"}],"replies":[{"embeddable":true,"href":"http:\/\/hoycordobaweb.com\/index.php\/wp-json\/wp\/v2\/comments?post=30961"}],"version-history":[{"count":0,"href":"http:\/\/hoycordobaweb.com\/index.php\/wp-json\/wp\/v2\/posts\/30961\/revisions"}],"wp:featuredmedia":[{"embeddable":true,"href":"http:\/\/hoycordobaweb.com\/index.php\/wp-json\/wp\/v2\/media\/30962"}],"wp:attachment":[{"href":"http:\/\/hoycordobaweb.com\/index.php\/wp-json\/wp\/v2\/media?parent=30961"}],"wp:term":[{"taxonomy":"category","embeddable":true,"href":"http:\/\/hoycordobaweb.com\/index.php\/wp-json\/wp\/v2\/categories?post=30961"},{"taxonomy":"post_tag","embeddable":true,"href":"http:\/\/hoycordobaweb.com\/index.php\/wp-json\/wp\/v2\/tags?post=30961"}],"curies":[{"name":"wp","href":"https:\/\/api.w.org\/{rel}","templated":true}]}}