{"id":30912,"date":"2021-10-07T16:36:00","date_gmt":"2021-10-07T16:36:00","guid":{"rendered":"https:\/\/fm-comunicar.com.ar\/contenido\/18312\/brandan-sobre-el-grupo-de-vecinos-de-malabrigo-estan-usurpando-cuatro-terrenos"},"modified":"2021-10-07T16:36:00","modified_gmt":"2021-10-07T16:36:00","slug":"brandan-sobre-el-grupo-de-vecinos-de-malabrigo-estan-usurpando-cuatro-terrenos","status":"publish","type":"post","link":"http:\/\/hoycordobaweb.com\/index.php\/2021\/10\/07\/brandan-sobre-el-grupo-de-vecinos-de-malabrigo-estan-usurpando-cuatro-terrenos\/","title":{"rendered":"Brand\u00e1n, sobre el grupo de vecinos de Malabrigo: \u00abEst\u00e1n usurpando cuatro terrenos\u00bb"},"content":{"rendered":"<p>El Intendente asegur\u00f3 que esa fue la conclusi\u00f3n del relevamiento hecho en ese barrio despu\u00e9s del corte de la Ruta 9 hace un mes. \u00abEn Colonia Caroya, propiedad privada se defiende\u00bb, dijo.<img src=\"http:\/\/hoycordobaweb.com\/wp-content\/uploads\/2021\/10\/brandan-sobre-el-grupo-de-vecinos-de-malabrigo-estan-usurpando-cuatro-terrenos.jpg\"><\/p>\n","protected":false},"excerpt":{"rendered":"<p>El Intendente asegur\u00f3 que esa fue la conclusi\u00f3n del relevamiento hecho en ese barrio despu\u00e9s del corte de la Ruta 9 hace un mes. \u00abEn Colonia Caroya, propiedad privada se defiende\u00bb, dijo.<\/p>\n","protected":false},"author":1,"featured_media":30913,"comment_status":"closed","ping_status":"closed","sticky":false,"template":"","format":"standard","meta":[],"categories":[18],"tags":[],"_links":{"self":[{"href":"http:\/\/hoycordobaweb.com\/index.php\/wp-json\/wp\/v2\/posts\/30912"}],"collection":[{"href":"http:\/\/hoycordobaweb.com\/index.php\/wp-json\/wp\/v2\/posts"}],"about":[{"href":"http:\/\/hoycordobaweb.com\/index.php\/wp-json\/wp\/v2\/types\/post"}],"author":[{"embeddable":true,"href":"http:\/\/hoycordobaweb.com\/index.php\/wp-json\/wp\/v2\/users\/1"}],"replies":[{"embeddable":true,"href":"http:\/\/hoycordobaweb.com\/index.php\/wp-json\/wp\/v2\/comments?post=30912"}],"version-history":[{"count":0,"href":"http:\/\/hoycordobaweb.com\/index.php\/wp-json\/wp\/v2\/posts\/30912\/revisions"}],"wp:featuredmedia":[{"embeddable":true,"href":"http:\/\/hoycordobaweb.com\/index.php\/wp-json\/wp\/v2\/media\/30913"}],"wp:attachment":[{"href":"http:\/\/hoycordobaweb.com\/index.php\/wp-json\/wp\/v2\/media?parent=30912"}],"wp:term":[{"taxonomy":"category","embeddable":true,"href":"http:\/\/hoycordobaweb.com\/index.php\/wp-json\/wp\/v2\/categories?post=30912"},{"taxonomy":"post_tag","embeddable":true,"href":"http:\/\/hoycordobaweb.com\/index.php\/wp-json\/wp\/v2\/tags?post=30912"}],"curies":[{"name":"wp","href":"https:\/\/api.w.org\/{rel}","templated":true}]}}