{"id":30899,"date":"2021-10-12T11:56:00","date_gmt":"2021-10-12T11:56:00","guid":{"rendered":"http:\/\/hoycordobaweb.com\/index.php\/2021\/10\/12\/manzur-analizo-con-el-nuevo-secretario-de-comercio-interior-los-desafios-de-su-gestion\/"},"modified":"2021-10-12T11:56:00","modified_gmt":"2021-10-12T11:56:00","slug":"manzur-analizo-con-el-nuevo-secretario-de-comercio-interior-los-desafios-de-su-gestion","status":"publish","type":"post","link":"http:\/\/hoycordobaweb.com\/index.php\/2021\/10\/12\/manzur-analizo-con-el-nuevo-secretario-de-comercio-interior-los-desafios-de-su-gestion\/","title":{"rendered":"Manzur analiz\u00f3 con el nuevo secretario de Comercio Interior \u00ablos desaf\u00edos de su gesti\u00f3n\u00bb"},"content":{"rendered":"<p><img src=\"http:\/\/hoycordobaweb.com\/wp-content\/uploads\/2021\/10\/manzur-analizo-con-el-nuevo-secretario-de-comercio-interior-los-desafios-de-su-gestion.jpg\"><\/p>\n<div class=\"image\" id=\"image\" readability=\"8\"> <img src=\"http:\/\/hoycordobaweb.com\/wp-content\/uploads\/2021\/10\/manzur-analizo-con-el-nuevo-secretario-de-comercio-interior-los-desafios-de-su-gestion-2.jpg\" alt=\"Manzur recibi\u00f3 a Feletti, quien reemplaza a paula Espa\u00f1ol en la Secretar\u00eda de Comercio Interior.\" title=\"Manzur recibi\u00f3 a Feletti, quien reemplaza a paula Espa\u00f1ol en la Secretar\u00eda de Comercio Interior.\"><\/p>\n<p>Manzur recibi\u00f3 a Feletti, quien reemplaza a paula Espa\u00f1ol en la Secretar\u00eda de Comercio Interior.<\/p>\n<\/div>\n<p><strong>El jefe de Gabinete, Juan Manzur<\/strong>, mantuvo este martes por la ma\u00f1ana una reuni\u00f3n de trabajo con el designado <strong>secretario de Comercio Interior, Roberto Feletti<\/strong>, en la Casa Rosada.<\/p>\n<p>\u00ab<strong>Iniciamos nuestra jornada junto al secretario de Comercio Interior de la Naci\u00f3n, Roberto Feletti<\/strong> para analizar los desaf\u00edos de su gesti\u00f3n. Como nos pidi\u00f3 el Presidente @alferdez <strong>vamos a fortalecer el consumo y la producci\u00f3n, cuidando la mesa de los argentinos y las argentinas<\/strong>\u00ab, public\u00f3 Manzur en su cuenta de Twitter.<\/p>\n<div class=\"js-code\" readability=\"7.7178770949721\">\n<blockquote class=\"twitter-tweet\" readability=\"9.4329608938547\">\n<p lang=\"es\" dir=\"ltr\">Iniciamos nuestra jornada junto al secretario de Comercio Interior de la Naci\u00f3n, Roberto Feletti, para analizar los desaf\u00edos de su gesti\u00f3n. Como nos pidi\u00f3 el Presidente <a href=\"https:\/\/twitter.com\/alferdez?ref_src=twsrc%5Etfw\">@alferdez<\/a> vamos a fortalecer el consumo y la producci\u00f3n, cuidando la mesa de los argentinos y las argentinas. <a href=\"https:\/\/t.co\/QFHybpyvWg\">pic.twitter.com\/QFHybpyvWg<\/a><\/p>\n<p>\u2014 Juan Manzur (@JuanManzurOK) <a href=\"https:\/\/twitter.com\/JuanManzurOK\/status\/1447884585015070721?ref_src=twsrc%5Etfw\">October 12, 2021<\/a><\/p><\/blockquote><\/div>\n<p>El s\u00e1bado pasado, Manzur inform\u00f3 que por \u00abindicaci\u00f3n del Presidente Alberto Fern\u00e1ndez\u00bb la saliente secretaria de Comercio Interior, Paula Espa\u00f1ol, se desempe\u00f1ar\u00e1 en el \u00e1mbito del Ministerio del Interior y en su reemplazo design\u00f3 a Feletti.<\/p>\n<p>Por su parte, Espa\u00f1ol pasar\u00e1 a \u00abtrabajar en conjunto con las provincias, en la coordinaci\u00f3n de estrategias y proyectos de desarrollo a nivel federal, que contemplen la radicaci\u00f3n de empresas, la agregaci\u00f3n de valor, la generaci\u00f3n de empleo y el arraigo socio-productivo en cada rinc\u00f3n del pa\u00eds\u00bb. <\/p>\n","protected":false},"excerpt":{"rendered":"<p>Manzur recibi\u00f3 a Feletti, quien reemplaza a paula Espa\u00f1ol en la Secretar\u00eda de Comercio Interior. El jefe de Gabinete, Juan Manzur, mantuvo este martes por la ma\u00f1ana una reuni\u00f3n de trabajo con el designado secretario de Comercio Interior, Roberto Feletti, en la Casa Rosada. \u00abIniciamos nuestra jornada junto al secretario de Comercio Interior de la [&hellip;]<\/p>\n","protected":false},"author":1,"featured_media":30900,"comment_status":"open","ping_status":"closed","sticky":false,"template":"","format":"standard","meta":[],"categories":[19],"tags":[],"_links":{"self":[{"href":"http:\/\/hoycordobaweb.com\/index.php\/wp-json\/wp\/v2\/posts\/30899"}],"collection":[{"href":"http:\/\/hoycordobaweb.com\/index.php\/wp-json\/wp\/v2\/posts"}],"about":[{"href":"http:\/\/hoycordobaweb.com\/index.php\/wp-json\/wp\/v2\/types\/post"}],"author":[{"embeddable":true,"href":"http:\/\/hoycordobaweb.com\/index.php\/wp-json\/wp\/v2\/users\/1"}],"replies":[{"embeddable":true,"href":"http:\/\/hoycordobaweb.com\/index.php\/wp-json\/wp\/v2\/comments?post=30899"}],"version-history":[{"count":0,"href":"http:\/\/hoycordobaweb.com\/index.php\/wp-json\/wp\/v2\/posts\/30899\/revisions"}],"wp:featuredmedia":[{"embeddable":true,"href":"http:\/\/hoycordobaweb.com\/index.php\/wp-json\/wp\/v2\/media\/30900"}],"wp:attachment":[{"href":"http:\/\/hoycordobaweb.com\/index.php\/wp-json\/wp\/v2\/media?parent=30899"}],"wp:term":[{"taxonomy":"category","embeddable":true,"href":"http:\/\/hoycordobaweb.com\/index.php\/wp-json\/wp\/v2\/categories?post=30899"},{"taxonomy":"post_tag","embeddable":true,"href":"http:\/\/hoycordobaweb.com\/index.php\/wp-json\/wp\/v2\/tags?post=30899"}],"curies":[{"name":"wp","href":"https:\/\/api.w.org\/{rel}","templated":true}]}}