{"id":30897,"date":"2021-10-12T11:30:49","date_gmt":"2021-10-12T11:30:49","guid":{"rendered":"https:\/\/www.trendencias.com\/belleza\/coleta-reina-letizia-dia-hispanidad-peinado-perfecto-para-usar-a-diario-ocasiones-especiales"},"modified":"2021-10-12T11:30:49","modified_gmt":"2021-10-12T11:30:49","slug":"la-coleta-de-la-reina-letizia-en-el-dia-de-la-hispanidad-es-el-peinado-perfecto-tanto-para-usar-a-diario-o-en-ocasiones-especiales","status":"publish","type":"post","link":"http:\/\/hoycordobaweb.com\/index.php\/2021\/10\/12\/la-coleta-de-la-reina-letizia-en-el-dia-de-la-hispanidad-es-el-peinado-perfecto-tanto-para-usar-a-diario-o-en-ocasiones-especiales\/","title":{"rendered":"La coleta de la reina Letizia en el D\u00eda de la Hispanidad es el peinado perfecto tanto para usar a diario o en ocasiones especiales"},"content":{"rendered":"<p>Hay peinados que, sin duda, son una apuesta segura y este es uno de esos casos. En las celebraciones de<strong>l D\u00eda de la Hispanidad de este 12 de octubre<\/strong> la<a href=\"https:\/\/www.trendencias.com\/moda-famosas\/dona-letizia-estrena-firma-acierta-lleno-combinacion-tendencia-jersey-punto-falda-brocada\"> reina Letizia <\/a>se convierte en la protagonista indiscutible de la jornada y, un a\u00f1o m\u00e1s, ha demostrado que su elecci\u00f3n en cuanto al <em><strong>outfit<\/strong><\/em><strong> de Mar\u00eda Barrag\u00e1n Costura en azul cielo <\/strong>ha sido un acierto, pero <strong>tambi\u00e9n lo ha sido el recogido que hay lucido.<\/strong><\/p>\n<p><!-- BREAK 1 --><\/p>\n<div class=\"article-asset article-asset-normal article-asset-center\">\n<div class=\"desvio-container\">\n<div class=\"desvio\">\n<div class=\"desvio-figure js-desvio-figure\"> <a href=\"https:\/\/www.trendencias.com\/moda-famosas\/dona-letizia-vuelve-a-estrenar-vestido-dia-hispanidad-2021\"> <img alt=\"Do\u00f1a Letizia vuelve a estrenar vestido en el D\u00eda de la Hispanidad 2021\" src=\"http:\/\/hoycordobaweb.com\/wp-content\/uploads\/2021\/10\/la-coleta-de-la-reina-letizia-en-el-dia-de-la-hispanidad-es-el-peinado-perfecto-tanto-para-usar-a-diario-o-en-ocasiones-especiales.jpg\"> <\/a> <\/div><\/div><\/div>\n<\/div>\n<div class=\"article-asset-image article-asset-normal article-asset-center\">\n<div class=\"asset-content\">\n<div class=\"base-wrapper-image\"> <img class=\"sf-lazy centro_sinmarco\" data-sf-srcset=\"http:\/\/hoycordobaweb.com\/wp-content\/uploads\/2021\/10\/la-coleta-de-la-reina-letizia-en-el-dia-de-la-hispanidad-es-el-peinado-perfecto-tanto-para-usar-a-diario-o-en-ocasiones-especiales-1.jpg 450w, http:\/\/hoycordobaweb.com\/wp-content\/uploads\/2021\/10\/la-coleta-de-la-reina-letizia-en-el-dia-de-la-hispanidad-es-el-peinado-perfecto-tanto-para-usar-a-diario-o-en-ocasiones-especiales-4.jpg 681w,http:\/\/hoycordobaweb.com\/wp-content\/uploads\/2021\/10\/la-coleta-de-la-reina-letizia-en-el-dia-de-la-hispanidad-es-el-peinado-perfecto-tanto-para-usar-a-diario-o-en-ocasiones-especiales-5.jpg 1024w, http:\/\/hoycordobaweb.com\/wp-content\/uploads\/2021\/10\/la-coleta-de-la-reina-letizia-en-el-dia-de-la-hispanidad-es-el-peinado-perfecto-tanto-para-usar-a-diario-o-en-ocasiones-especiales-6.jpg 1366w,\" data-sf-src=\"http:\/\/hoycordobaweb.com\/wp-content\/uploads\/2021\/10\/la-coleta-de-la-reina-letizia-en-el-dia-de-la-hispanidad-es-el-peinado-perfecto-tanto-para-usar-a-diario-o-en-ocasiones-especiales-1.jpg\" alt=\"coleta reina letizia\"> <noscript><img alt=\"coleta reina letizia\" class=\"centro_sinmarco\" src=\"http:\/\/hoycordobaweb.com\/wp-content\/uploads\/2021\/10\/la-coleta-de-la-reina-letizia-en-el-dia-de-la-hispanidad-es-el-peinado-perfecto-tanto-para-usar-a-diario-o-en-ocasiones-especiales-1.jpg\"><\/noscript> <\/div><\/div>\n<\/div>\n<p>Y es que hemos podido ver a do\u00f1a Letizia con <strong>una sencilla coleta baja con raya al medio<\/strong>, un estilo que <a href=\"https:\/\/www.trendencias.com\/belleza\/7-mejores-coletas-reina-letizia-que-querras-copiar-tu-dia-a-dia\">no es del todo habitual<\/a> en su selecci\u00f3n capilar, aunque visto el resultado, esperemos que lo luzca m\u00e1s a menudo.<\/p>\n<p><!-- BREAK 2 --> <\/p>\n<div class=\"article-asset-image article-asset-normal article-asset-center\">\n<div class=\"asset-content\">\n<div class=\"base-wrapper-image\"> <img class=\"sf-lazy centro_sinmarco\" data-sf-srcset=\"http:\/\/hoycordobaweb.com\/wp-content\/uploads\/2021\/10\/la-coleta-de-la-reina-letizia-en-el-dia-de-la-hispanidad-es-el-peinado-perfecto-tanto-para-usar-a-diario-o-en-ocasiones-especiales-2.jpg 450w, http:\/\/hoycordobaweb.com\/wp-content\/uploads\/2021\/10\/la-coleta-de-la-reina-letizia-en-el-dia-de-la-hispanidad-es-el-peinado-perfecto-tanto-para-usar-a-diario-o-en-ocasiones-especiales-7.jpg 681w,http:\/\/hoycordobaweb.com\/wp-content\/uploads\/2021\/10\/la-coleta-de-la-reina-letizia-en-el-dia-de-la-hispanidad-es-el-peinado-perfecto-tanto-para-usar-a-diario-o-en-ocasiones-especiales-8.jpg 1024w, http:\/\/hoycordobaweb.com\/wp-content\/uploads\/2021\/10\/la-coleta-de-la-reina-letizia-en-el-dia-de-la-hispanidad-es-el-peinado-perfecto-tanto-para-usar-a-diario-o-en-ocasiones-especiales-9.jpg 1366w,\" data-sf-src=\"http:\/\/hoycordobaweb.com\/wp-content\/uploads\/2021\/10\/la-coleta-de-la-reina-letizia-en-el-dia-de-la-hispanidad-es-el-peinado-perfecto-tanto-para-usar-a-diario-o-en-ocasiones-especiales-2.jpg\" alt=\"reina letizia\"> <noscript><img alt=\"reina letizia\" class=\"centro_sinmarco\" src=\"http:\/\/hoycordobaweb.com\/wp-content\/uploads\/2021\/10\/la-coleta-de-la-reina-letizia-en-el-dia-de-la-hispanidad-es-el-peinado-perfecto-tanto-para-usar-a-diario-o-en-ocasiones-especiales-2.jpg\"><\/noscript> <\/div><\/div>\n<\/div>\n<p>Un peinado sin complicaciones, sencillo pero muy elegante que es perfecto &nbsp;para cualquier ocasi\u00f3n en el que, como detalle, simplemente ha escondido la goma con un mech\u00f3n de pelo enrollado sobre la misma.<\/p>\n<p><!-- BREAK 3 --><\/p>\n<p>Una elecci\u00f3n perfecta que ha combinado con un <strong>maquillaje muy suave <\/strong>y favorecedor <a href=\"https:\/\/www.trendencias.com\/belleza\/paletas-tonos-nude-tierra-basico-cualquier-neceser-beauty-estas-siete-perfectas-para-conseguir-maquillajes-bonitos-como-naturales\">en tonos nudes<\/a>.<\/p>\n<p><!-- BREAK 4 --><\/p>\n<p>Un look del belleza estupendo del que tomar buena nota.<\/p>\n<p>Fotos | Gtres<\/p>\n","protected":false},"excerpt":{"rendered":"<p>Hay peinados que, sin duda, son una apuesta segura y este es uno de esos casos. En las celebraciones del D\u00eda de la Hispanidad de este 12 de octubre la reina Letizia se convierte en la protagonista indiscutible de la jornada y, un a\u00f1o m\u00e1s, ha demostrado que su elecci\u00f3n en cuanto al outfit de [&hellip;]<\/p>\n","protected":false},"author":1,"featured_media":30898,"comment_status":"closed","ping_status":"closed","sticky":false,"template":"","format":"standard","meta":[],"categories":[1],"tags":[],"_links":{"self":[{"href":"http:\/\/hoycordobaweb.com\/index.php\/wp-json\/wp\/v2\/posts\/30897"}],"collection":[{"href":"http:\/\/hoycordobaweb.com\/index.php\/wp-json\/wp\/v2\/posts"}],"about":[{"href":"http:\/\/hoycordobaweb.com\/index.php\/wp-json\/wp\/v2\/types\/post"}],"author":[{"embeddable":true,"href":"http:\/\/hoycordobaweb.com\/index.php\/wp-json\/wp\/v2\/users\/1"}],"replies":[{"embeddable":true,"href":"http:\/\/hoycordobaweb.com\/index.php\/wp-json\/wp\/v2\/comments?post=30897"}],"version-history":[{"count":0,"href":"http:\/\/hoycordobaweb.com\/index.php\/wp-json\/wp\/v2\/posts\/30897\/revisions"}],"wp:featuredmedia":[{"embeddable":true,"href":"http:\/\/hoycordobaweb.com\/index.php\/wp-json\/wp\/v2\/media\/30898"}],"wp:attachment":[{"href":"http:\/\/hoycordobaweb.com\/index.php\/wp-json\/wp\/v2\/media?parent=30897"}],"wp:term":[{"taxonomy":"category","embeddable":true,"href":"http:\/\/hoycordobaweb.com\/index.php\/wp-json\/wp\/v2\/categories?post=30897"},{"taxonomy":"post_tag","embeddable":true,"href":"http:\/\/hoycordobaweb.com\/index.php\/wp-json\/wp\/v2\/tags?post=30897"}],"curies":[{"name":"wp","href":"https:\/\/api.w.org\/{rel}","templated":true}]}}