{"id":30889,"date":"2021-10-12T11:04:01","date_gmt":"2021-10-12T11:04:01","guid":{"rendered":"https:\/\/www.mujerhoy.com\/moda\/no-te-pierdas\/infanta-sofia-bailarinas-negras-tiras-dia-hispanidad-comodas-tendencia-estilizan-piernas-favorecen-look-desfile-fiesta-nacional-20211012121019-nt.html"},"modified":"2021-10-12T11:04:01","modified_gmt":"2021-10-12T11:04:01","slug":"sabemos-de-donde-son-las-bailarinas-con-tiras-de-la-infanta-sofia-en-el-dia-de-la-hispanidad-made-in-spain-tendencia-y-estilizadoras","status":"publish","type":"post","link":"http:\/\/hoycordobaweb.com\/index.php\/2021\/10\/12\/sabemos-de-donde-son-las-bailarinas-con-tiras-de-la-infanta-sofia-en-el-dia-de-la-hispanidad-made-in-spain-tendencia-y-estilizadoras\/","title":{"rendered":"Sabemos de d\u00f3nde son las bailarinas con tiras de la infanta Sof\u00eda en el D\u00eda de la Hispanidad: &#8216;made in Spain&#8217;, tendencia y estilizadoras"},"content":{"rendered":"<p><!-- AUTHOR --><!-- COMPONENTS --><\/p>\n<p class=\"voc-paragraph\">Ya es costumbre que las hijas de los monarcas roben el protagonismo a Do\u00f1a Letizia en cuanto a estilismos se refiere. Y en el<br \/>\n<strong> d\u00eda de la Fiesta Nacional <\/strong>no pod\u00eda no ocurrir lo mismo. Y aunque la<br \/>\n<strong> ausencia de la princesa Leonor <\/strong>ha sido significativa y la Reina ha lucido muy correcta y elegante con <a data-voc-vtm-id=\"in-text-traffic\" href=\"https:\/\/www.mujerhoy.com\/celebrities\/realeza\/letizia-ortiz-reina-vestido-midi-dia-hispanidad-look-desfile-fiesta-nacional-truco-estiliza-favorece-elegante-20211012111624-nt.html#vca=octubre2021&amp;vso=mujerhoy&amp;vmc=web-push&amp;vli=celebrities&amp;vca=web-push&amp;vso=mujerhoy&amp;vmc=La_reina_Letizia_estrena_vestido_con_truco_&amp;vli=_\">este vestido azul<\/a>, lo cierto es que <strong>la infanta Sof\u00eda<\/strong> ha acaparado todas las miradas gracias a un look muy juvenil e informal protagonizado por unas bonitas <a data-voc-vtm-id=\"in-text-traffic\" href=\"https:\/\/www.mujerhoy.com\/moda\/no-te-pierdas\/bailarinas-mujer-cordones-tiras-made-in-spain-zapatos-planos-tendencia-parecen-lujo-estilizan-pierna-20211002004119-nt.html\">bailarinas de tiras<\/a> &#8216;made in Spain&#8217;.\n<\/p>\n<div class=\"voc-detail__cmp\">\n<div class=\"voc-article-container\">\n<article class=\"voc-article voc-article--cmp-photo-text\">\n<div class=\"voc-img-container\"><picture>\n<div class=\"voc-horizontal voc-img-icon-link\"><img class=\"lazy\" loading=\"lazy\" data-original=\"\/\/static1.mujerhoy.com\/www\/multimedia\/202110\/12\/media\/cortadas\/letizia-vestido-azul-desfile-kjZF--624x624@MujerHoy.jpg\" alt><\/div>\n<\/picture>\n<p class=\"figure-caption \"><span class=\"voc-photo-author\"> gtres <\/span><\/p>\n<\/div>\n<\/article>\n<\/div>\n<\/div>\n<p class=\"voc-paragraph\">Do\u00f1a Sof\u00eda sorprendi\u00f3 para este acto tan simb\u00f3lico y especial para la naci\u00f3n un look formado por <strong>un vestido de Claudie Pierlot<\/strong>. Un dise\u00f1o en color blanco con bordados y remates en color negro, de manga larga y falda de vuelo, que pod\u00eda ser algo informal y casual para un evento tan importante como el desfile del d\u00eda de la Hispanidad. Sin embargo, lo que m\u00e1s gust\u00f3 de este estilismo ha sido el calzado escogi\u00f3: unas <strong>bailarinas negras ideales <\/strong>que sabemos de d\u00f3nde son.\n<\/p>\n<div class=\"voc-detail__cmp\">\n<div class=\"voc-article-container\">\n<article class=\"voc-article voc-article--cmp-photo-text\">\n<div class=\"voc-img-container\"><picture>\n<div class=\"voc-horizontal voc-img-icon-link\"><img class=\"lazy\" loading=\"lazy\" data-original=\"\/\/static2.mujerhoy.com\/www\/multimedia\/202110\/12\/media\/cortadas\/bailarinas-negras-tiras-atadas-tobillo-kjZF--624x624@MujerHoy.jpg\" alt><\/div>\n<\/picture><\/div>\n<\/article>\n<\/div>\n<\/div>\n<p class=\"voc-paragraph\">Se trata de un modelo de<br \/>\n<strong> Bobo&#8217;s<\/strong>, una firma espa\u00f1ola que tiene a las bailarinas como insignia de la marca y en la que puedes encontrar varios dise\u00f1os con tiras o cuerdas atadas al tobillo. Son dise\u00f1os que se realizan a mano en Espa\u00f1a con un trabajo artesanal con personalidad propia y utilizamos materiales de gran calidad. El modelo de la infanta es uno de<br \/>\n<strong> punta triangular en color negro<\/strong> (<br \/>\n<strong>130 euros<\/strong>) -aunque est\u00e1 disponible en otros tonos y materiales- que lleva tiras cruzadas en el empeine y que acaban <strong>enrolladas en la pierna<\/strong>.\n<\/p>\n<div class=\"voc-detail__cmp\">\n<div class=\"voc-article-container\">\n<article class=\"voc-article voc-article--cmp-photo-text\">\n<div class=\"voc-img-container\"><picture>\n<div class=\"voc-horizontal voc-img-icon-link\"><img class=\"lazy\" loading=\"lazy\" data-original=\"\/\/static3.mujerhoy.com\/www\/multimedia\/202110\/12\/media\/cortadas\/bailarinas-ante-negro-tiras-tobillo-scaled-kjZF--624x624@MujerHoy.jpg\" alt><\/div>\n<\/picture><\/div>\n<\/article>\n<\/div>\n<\/div>\n<p class=\"voc-paragraph\">Y han gustado tanto porque el detalle de las tiras que van atadas al tobillo crean un <strong>efecto \u00f3ptico s\u00faper est\u00e9tico que afina y alarga la pierna<\/strong>. Adem\u00e1s, tienen un toque delicado que hace que sean aptas para llevar con cualquier prenda que deje al descubierto el tobillo: desde vestidos y faltas a pantalones de estilo capri, culotte o incluso con pitillos si los llevas ligeramente remangados. \u00a1Ideales!\n<\/p>\n<div class=\"voc-detail__cmp voc-detail__cmp--pad-lr voc-detail__cmp--pad-lr--bdr\">\n<div class=\"voc-ficha-detail__wrapper\">\n<section class=\"voc-ficha-detail\">\n<h4 class=\"voc-ficha-detail-title voc-title-section\">te recomendamos<\/h4>\n<\/section>\n<\/div>\n<\/div>\n<p><!-- TOPICS --><\/p>\n","protected":false},"excerpt":{"rendered":"<p>Ya es costumbre que las hijas de los monarcas roben el protagonismo a Do\u00f1a Letizia en cuanto a estilismos se refiere. Y en el d\u00eda de la Fiesta Nacional no pod\u00eda no ocurrir lo mismo. Y aunque la ausencia de la princesa Leonor ha sido significativa y la Reina ha lucido muy correcta y elegante [&hellip;]<\/p>\n","protected":false},"author":1,"featured_media":30890,"comment_status":"closed","ping_status":"closed","sticky":false,"template":"","format":"standard","meta":[],"categories":[1],"tags":[],"_links":{"self":[{"href":"http:\/\/hoycordobaweb.com\/index.php\/wp-json\/wp\/v2\/posts\/30889"}],"collection":[{"href":"http:\/\/hoycordobaweb.com\/index.php\/wp-json\/wp\/v2\/posts"}],"about":[{"href":"http:\/\/hoycordobaweb.com\/index.php\/wp-json\/wp\/v2\/types\/post"}],"author":[{"embeddable":true,"href":"http:\/\/hoycordobaweb.com\/index.php\/wp-json\/wp\/v2\/users\/1"}],"replies":[{"embeddable":true,"href":"http:\/\/hoycordobaweb.com\/index.php\/wp-json\/wp\/v2\/comments?post=30889"}],"version-history":[{"count":0,"href":"http:\/\/hoycordobaweb.com\/index.php\/wp-json\/wp\/v2\/posts\/30889\/revisions"}],"wp:featuredmedia":[{"embeddable":true,"href":"http:\/\/hoycordobaweb.com\/index.php\/wp-json\/wp\/v2\/media\/30890"}],"wp:attachment":[{"href":"http:\/\/hoycordobaweb.com\/index.php\/wp-json\/wp\/v2\/media?parent=30889"}],"wp:term":[{"taxonomy":"category","embeddable":true,"href":"http:\/\/hoycordobaweb.com\/index.php\/wp-json\/wp\/v2\/categories?post=30889"},{"taxonomy":"post_tag","embeddable":true,"href":"http:\/\/hoycordobaweb.com\/index.php\/wp-json\/wp\/v2\/tags?post=30889"}],"curies":[{"name":"wp","href":"https:\/\/api.w.org\/{rel}","templated":true}]}}