{"id":30866,"date":"2021-10-11T19:45:47","date_gmt":"2021-10-11T19:45:47","guid":{"rendered":"http:\/\/ladecimaweb.com\/?p=11507"},"modified":"2021-10-11T19:45:47","modified_gmt":"2021-10-11T19:45:47","slug":"la-rae-volvio-a-rechazar-el-lenguaje-inclusivo","status":"publish","type":"post","link":"http:\/\/hoycordobaweb.com\/index.php\/2021\/10\/11\/la-rae-volvio-a-rechazar-el-lenguaje-inclusivo\/","title":{"rendered":"La RAE volvi\u00f3 a rechazar el lenguaje inclusivo"},"content":{"rendered":"<p><em>(Noticias Argentinas)<\/em> <strong>La Real Academia Espa\u00f1ola (RAE) ratific\u00f3 su postura de rechazo al lenguaje inclusivo<\/strong>\u00a0mediante una respuesta a la consulta de un usuario de una red social.<br \/>\nLa RAE consider\u00f3 que el masculino gramatical \u201cest\u00e1 firmemente asentado\u201d y \u201cno supone discriminaci\u00f3n sexista alguna\u201d.<\/p>\n<p>Un hombre llamado Claudio Ruiz realiz\u00f3 una consulta al sitio de Twitter de la entidad que rige la lengua espa\u00f1ola en la que conten\u00eda ya una carga negativa en cuanto a la nueva modalidad en el habla: \u201cHola, RAE informa, tengo una duda: este famoso lenguaje inclusivo, \u00bfEs una jerigonza o un galimat\u00edas?\u201d.<\/p>\n<p><strong>\u201cLo que com\u00fanmente se ha dado en llamar \u2018lenguaje inclusivo\u2019 es un conjunto de estrategias que tienen por objeto evitar el uso gen\u00e9rico del masculino gramatical, mecanismo firmemente asentado en la lengua y que no supone discriminaci\u00f3n sexista alguna\u201d, expres\u00f3 la entidad.<\/strong><\/p>\n<p>La RAE ya se hab\u00eda manifestado en oposici\u00f3n al\u00a0<strong>lenguaje inclusivo, una modalidad impulsada por sectores feministas y que abogan por la no discriminaci\u00f3n sexual que tiene como caracter\u00edstica reemplazar la o por la e en palabras como todos (todes) o nosotros (nosotres).<\/strong><\/p>\n<p><strong>\u201cEl uso de la letra \u2018e\u2019 como supuesta marca de g\u00e9nero inclusivo es ajeno a la morfolog\u00eda del espa\u00f1ol, adem\u00e1s de innecesario,<\/strong>\u00a0pues el masculino gramatical (\u2018chicos\u2019) ya cumple esa funci\u00f3n como t\u00e9rmino no marcado de la oposici\u00f3n de g\u00e9nero\u201d, expres\u00f3 la entidad el 14 de diciembre de 2020.<\/p>\n<p>La postura de la RAE tambi\u00e9n hab\u00eda sido plasmada en enero de 2020 cuando existi\u00f3 una intenci\u00f3n de modificar el texto de la Constituci\u00f3n de Espa\u00f1a e incorporar el lenguaje inclusivo.<\/p>\n<p>\u201cEl lenguaje utilizado en la Constituci\u00f3n es claro e inteligible y, a pesar del tiempo transcurrido desde la redacci\u00f3n del texto, no plantea en la actualidad problemas serios de interpretaci\u00f3n literal.\u00a0<strong>No hay, pues, razones gramaticales ni de inteligibilidad sem\u00e1ntica que obliguen a modificar su redacci\u00f3n\u201d,<\/strong>\u00a0hab\u00eda indicado entonces.<\/p>\n<p>A pesar de la resistencia de la RAE, en los \u00faltimos tiempos el lenguaje inclusivo gan\u00f3 terreno en \u00e1mbitos oficiales y educativos argentinos, donde es aceptado su uso en clases, c\u00e1tedras y documentaci\u00f3n.<\/p>\n<div class=\"ubm_banner\"><a href=\"https:\/\/youtu.be\/YAnjWjTh-xE\" target=\"_blank\" rel=\"dofollow noopener noreferrer\"><img src=\"http:\/\/hoycordobaweb.com\/wp-content\/uploads\/2021\/10\/la-rae-volvio-a-rechazar-el-lenguaje-inclusivo.gif\" alt=\"\"><\/a><\/div>\n<p>La entrada <a rel=\"nofollow\" href=\"https:\/\/ladecimaweb.com\/la-rae-volvio-a-rechazar-el-lenguaje-inclusivo\/\">La RAE volvi\u00f3 a rechazar el lenguaje inclusivo<\/a> se public\u00f3 primero en <a rel=\"nofollow\" href=\"https:\/\/ladecimaweb.com\">LaDecima<\/a>.<\/p>\n","protected":false},"excerpt":{"rendered":"<p>(Noticias Argentinas) La Real Academia Espa\u00f1ola (RAE) ratific\u00f3 su postura de rechazo al lenguaje inclusivo\u00a0mediante una respuesta a la consulta de un usuario de una red social. La RAE consider\u00f3 que el masculino gramatical \u201cest\u00e1 firmemente asentado\u201d y \u201cno supone discriminaci\u00f3n sexista alguna\u201d. Un hombre llamado Claudio Ruiz realiz\u00f3 una consulta al sitio de Twitter [&hellip;]<\/p>\n","protected":false},"author":1,"featured_media":30867,"comment_status":"closed","ping_status":"closed","sticky":false,"template":"","format":"standard","meta":[],"categories":[19],"tags":[],"_links":{"self":[{"href":"http:\/\/hoycordobaweb.com\/index.php\/wp-json\/wp\/v2\/posts\/30866"}],"collection":[{"href":"http:\/\/hoycordobaweb.com\/index.php\/wp-json\/wp\/v2\/posts"}],"about":[{"href":"http:\/\/hoycordobaweb.com\/index.php\/wp-json\/wp\/v2\/types\/post"}],"author":[{"embeddable":true,"href":"http:\/\/hoycordobaweb.com\/index.php\/wp-json\/wp\/v2\/users\/1"}],"replies":[{"embeddable":true,"href":"http:\/\/hoycordobaweb.com\/index.php\/wp-json\/wp\/v2\/comments?post=30866"}],"version-history":[{"count":0,"href":"http:\/\/hoycordobaweb.com\/index.php\/wp-json\/wp\/v2\/posts\/30866\/revisions"}],"wp:featuredmedia":[{"embeddable":true,"href":"http:\/\/hoycordobaweb.com\/index.php\/wp-json\/wp\/v2\/media\/30867"}],"wp:attachment":[{"href":"http:\/\/hoycordobaweb.com\/index.php\/wp-json\/wp\/v2\/media?parent=30866"}],"wp:term":[{"taxonomy":"category","embeddable":true,"href":"http:\/\/hoycordobaweb.com\/index.php\/wp-json\/wp\/v2\/categories?post=30866"},{"taxonomy":"post_tag","embeddable":true,"href":"http:\/\/hoycordobaweb.com\/index.php\/wp-json\/wp\/v2\/tags?post=30866"}],"curies":[{"name":"wp","href":"https:\/\/api.w.org\/{rel}","templated":true}]}}