{"id":30620,"date":"2021-10-07T13:20:15","date_gmt":"2021-10-07T13:20:15","guid":{"rendered":"http:\/\/fono.fcm.unc.edu.ar\/?p=7416"},"modified":"2021-10-07T13:20:15","modified_gmt":"2021-10-07T13:20:15","slug":"octubre-rosa-en-la-escuela-de-fonoaudiologia","status":"publish","type":"post","link":"http:\/\/hoycordobaweb.com\/index.php\/2021\/10\/07\/octubre-rosa-en-la-escuela-de-fonoaudiologia\/","title":{"rendered":"Octubre rosa en la Escuela de Fonoaudiolog\u00eda"},"content":{"rendered":"<h2 class=\"fusion-post-title\">Octubre rosa en la Escuela de Fonoaudiolog\u00eda<\/h2>\n<div class=\"post-content\" readability=\"52\">\n<p><img loading=\"lazy\" class=\"alignright wp-image-7417 size-fusion-400\" src=\"https:\/\/fono.fcm.unc.edu.ar\/wp-content\/uploads\/sites\/14\/2021\/10\/octubre-rosa-400x400.jpg\" alt width=\"400\" height=\"400\" srcset=\"https:\/\/fono.fcm.unc.edu.ar\/wp-content\/uploads\/sites\/14\/2021\/10\/octubre-rosa-66x66.jpg 66w, https:\/\/fono.fcm.unc.edu.ar\/wp-content\/uploads\/sites\/14\/2021\/10\/octubre-rosa-150x150.jpg 150w, https:\/\/fono.fcm.unc.edu.ar\/wp-content\/uploads\/sites\/14\/2021\/10\/octubre-rosa-200x200.jpg 200w, https:\/\/fono.fcm.unc.edu.ar\/wp-content\/uploads\/sites\/14\/2021\/10\/octubre-rosa-300x300.jpg 300w, https:\/\/fono.fcm.unc.edu.ar\/wp-content\/uploads\/sites\/14\/2021\/10\/octubre-rosa-400x400.jpg 400w, https:\/\/fono.fcm.unc.edu.ar\/wp-content\/uploads\/sites\/14\/2021\/10\/octubre-rosa-600x600.jpg 600w, https:\/\/fono.fcm.unc.edu.ar\/wp-content\/uploads\/sites\/14\/2021\/10\/octubre-rosa-768x768.jpg 768w, https:\/\/fono.fcm.unc.edu.ar\/wp-content\/uploads\/sites\/14\/2021\/10\/octubre-rosa.jpg 800w\" sizes=\"(max-width: 400px) 100vw, 400px\">Empieza &nbsp;la campa\u00f1a internacional \u00abOctubre Rosa\u00bb. Un mes para concientizar sobre el c\u00e1ncer de mama, que se convirti\u00f3 en 2020 en el m\u00e1s frecuente del mundo, con m\u00e1s 2,3 millones de mujeres diagnosticadas solo ese a\u00f1o. Supera as\u00ed el c\u00e1ncer de pulm\u00f3n. Los casos aumentan, pero la investigaci\u00f3n m\u00e9dica da nuevas esperanzas.<\/p>\n<p>La OMS lo anunci\u00f3 en febrero pasado: el c\u00e1ncer de seno es ahora el tumor m\u00e1s frecuentemente diagnosticado en el mundo. Se presenta en el 12% de los casos de c\u00e1ncer, es decir en 2,3 millones de mujeres al a\u00f1o. Las m\u00e1s afectadas son aquellas que viven en pa\u00edses desarrollados, por su mayor exposici\u00f3n al alcohol, al tabaco, al sobrepeso y al sedentarismo.<\/p>\n<p>Es fundamental la prevenci\u00f3n y el diagn\u00f3stico precoz. Vos, ya te hiciste los controles este a\u00f1o?<\/p>\n<\/p><\/div>\n","protected":false},"excerpt":{"rendered":"<p>Octubre rosa en la Escuela de Fonoaudiolog\u00eda Empieza &nbsp;la campa\u00f1a internacional \u00abOctubre Rosa\u00bb. Un mes para concientizar sobre el c\u00e1ncer de mama, que se convirti\u00f3 en 2020 en el m\u00e1s frecuente del mundo, con m\u00e1s 2,3 millones de mujeres diagnosticadas solo ese a\u00f1o. Supera as\u00ed el c\u00e1ncer de pulm\u00f3n. Los casos aumentan, pero la investigaci\u00f3n [&hellip;]<\/p>\n","protected":false},"author":1,"featured_media":0,"comment_status":"closed","ping_status":"closed","sticky":false,"template":"","format":"standard","meta":[],"categories":[1],"tags":[],"_links":{"self":[{"href":"http:\/\/hoycordobaweb.com\/index.php\/wp-json\/wp\/v2\/posts\/30620"}],"collection":[{"href":"http:\/\/hoycordobaweb.com\/index.php\/wp-json\/wp\/v2\/posts"}],"about":[{"href":"http:\/\/hoycordobaweb.com\/index.php\/wp-json\/wp\/v2\/types\/post"}],"author":[{"embeddable":true,"href":"http:\/\/hoycordobaweb.com\/index.php\/wp-json\/wp\/v2\/users\/1"}],"replies":[{"embeddable":true,"href":"http:\/\/hoycordobaweb.com\/index.php\/wp-json\/wp\/v2\/comments?post=30620"}],"version-history":[{"count":0,"href":"http:\/\/hoycordobaweb.com\/index.php\/wp-json\/wp\/v2\/posts\/30620\/revisions"}],"wp:attachment":[{"href":"http:\/\/hoycordobaweb.com\/index.php\/wp-json\/wp\/v2\/media?parent=30620"}],"wp:term":[{"taxonomy":"category","embeddable":true,"href":"http:\/\/hoycordobaweb.com\/index.php\/wp-json\/wp\/v2\/categories?post=30620"},{"taxonomy":"post_tag","embeddable":true,"href":"http:\/\/hoycordobaweb.com\/index.php\/wp-json\/wp\/v2\/tags?post=30620"}],"curies":[{"name":"wp","href":"https:\/\/api.w.org\/{rel}","templated":true}]}}