{"id":30575,"date":"2021-10-06T21:02:28","date_gmt":"2021-10-06T21:02:28","guid":{"rendered":"http:\/\/ladecimaweb.com\/?p=11465"},"modified":"2021-10-06T21:02:28","modified_gmt":"2021-10-06T21:02:28","slug":"avanzan-los-incendios-forestales-sobre-tres-departamentos-del-norte-provincial","status":"publish","type":"post","link":"http:\/\/hoycordobaweb.com\/index.php\/2021\/10\/06\/avanzan-los-incendios-forestales-sobre-tres-departamentos-del-norte-provincial\/","title":{"rendered":"Avanzan los incendios forestales sobre tres departamentos del norte provincial"},"content":{"rendered":"<p><em>(Prensa de gobierno)<\/em> <strong>En el norte de la provincia<\/strong> <strong>avanzan los incendios sobren los departamentos Tulumba, R\u00edo Seco y Sobremonte.<\/strong><\/p>\n<p>Se registran <strong>focos sobre la ruta 21<\/strong>, desde Caminiaga hacia Cerro Colorado y San Pedro Norte, y en regiones pr\u00f3ximas a Villa Mar\u00eda del R\u00edo Seco y San Francisco del Cha\u00f1ar, seg\u00fan lo confirm\u00f3 el director General de Protecci\u00f3n Civil, Diego Concha.<\/p>\n<p><strong>M\u00e1s de 470 hombres y mujeres se encuentran apostados en el terreno dando batalla a las llamas<\/strong> con asistencia desde el aire de siete aviones hidrantes que realizan aplicaciones de agua.<\/p>\n<p>El funcionario provincial alert\u00f3 sobre la escasa visibilidad en toda la zona afectada e insisti\u00f3 en evitar circular en la regi\u00f3n porque hay diversos caminos internos cortados al tr\u00e1nsito.<\/p>\n<p>\u00ab<em>Con respecto al riesgo para las poblaciones, ayer directamente tuvimos a Caminiaga rodeada por fuego; eso hoy no est\u00e1 ocurriendo; tampoco en San Pedro, donde ayer fue complicado y similar a Caminiaga con gente evacuada, auto evacuados y mucha preocupaci\u00f3n\u201d<\/em>, dijo Concha.<\/p>\n<p>Y agreg\u00f3:\u00a0<em>\u00abSigue soplando el viento sur, por lo que la Polic\u00eda ha implementado cortes de ruta por la escasa visibilidad, polvo y cenizas en suspensi\u00f3n. Hay que tener much\u00edsima precauci\u00f3n y evitar la circulaci\u00f3n\u00bb<\/em>, subray\u00f3 Diego Concha.<\/p>\n<p><strong>Polic\u00eda Caminera interrumpi\u00f3 el tr\u00e1nsito vehicular sobre la Ruta Nacional 9,<\/strong> entre las localidades de San Jos\u00e9 de la Dormida y Santa Elena.<\/p>\n<p>En la regi\u00f3n pr\u00f3xima a Tulumba el incendio se encuentra contenido y un gran porcentaje en guardia de cenizas.<\/p>\n<p>Finalmente, el director de Protecci\u00f3n Civil dijo que \u201cs<em>e trabaja con el apoyo de los ministerios de Agricultura, Desarrollo Social y eso lo coordina cada municipio e intendente\u201d.<\/em><\/p>\n<p><strong>Asistencia<\/strong><\/p>\n<p>El Ministerio de Gobierno\u00a0<strong>transfiri\u00f3 a Caminiaga, Chu\u00f1a Huasi, San Pedro Norte, San Jos\u00e9 de la Dormida y Churqui Ca\u00f1ada 1.000.000 de pesos\u00a0<\/strong>a cada localidad en concepto de Aporte del Tesoro Provincial (ATP). Estos fondos son de car\u00e1cter paliativo y ser\u00e1n destinados por los intendentes para afrontar gastos urgentes que surgen del combate de los incendios.<\/p>\n<p>Por su parte, el ministerio de Desarrollo Social envi\u00f3 este mi\u00e9rcoles\u00a0<strong>un nuevo cargamento con colchones, frazadas, alimentos, agua, leche y pa\u00f1ales\u00a0<\/strong>a la localidad de Caminiaga, mientras que ma\u00f1ana jueves sale otra partida con elementos para la asistencia de los damnificados. Cabe se\u00f1alar que el s\u00e1bado ya hab\u00eda sido enviado a Churqui Ca\u00f1ada uno similar.<\/p>\n<p>En tanto,\u00a0<strong>ya comenz\u00f3 el relevamiento de da\u00f1os<\/strong>\u00a0en las localidades donde se encuentra controlado el fuego, mientras se espera a que la situaci\u00f3n est\u00e9 contenida en el resto de las zonas afectadas para continuar all\u00ed.<\/p>\n<p>Una vez completado el relevamiento, ser\u00e1 posible otorgar los\u00a0<strong>subsidios del Fondo de Atenci\u00f3n Permanente para Situaciones de Desastre a municipios, vecinos y productores afectados<\/strong>.<\/p>\n<p>Por otro lado, el Ministerio de Agricultura y Ganader\u00eda ya distribuy\u00f3 las primeras 760 bolsas de alimento balanceado, cada una de 25 kilos, a unos 40 productores de la zona.<\/p>\n<div class=\"ubm_banner\"><a href=\"https:\/\/youtu.be\/YAnjWjTh-xE\" target=\"_blank\" rel=\"dofollow noopener noreferrer\"><img src=\"http:\/\/hoycordobaweb.com\/wp-content\/uploads\/2021\/10\/avanzan-los-incendios-forestales-sobre-tres-departamentos-del-norte-provincial.gif\" alt=\"\"><\/a><\/div>\n<p>La entrada <a rel=\"nofollow\" href=\"https:\/\/ladecimaweb.com\/avanzan-los-incendios-forestales-sobre-tres-departamentos-del-norte-provincial\/\">Avanzan los incendios forestales sobre tres departamentos del norte provincial<\/a> se public\u00f3 primero en <a rel=\"nofollow\" href=\"https:\/\/ladecimaweb.com\">LaDecima<\/a>.<\/p>\n","protected":false},"excerpt":{"rendered":"<p>(Prensa de gobierno) En el norte de la provincia avanzan los incendios sobren los departamentos Tulumba, R\u00edo Seco y Sobremonte. Se registran focos sobre la ruta 21, desde Caminiaga hacia Cerro Colorado y San Pedro Norte, y en regiones pr\u00f3ximas a Villa Mar\u00eda del R\u00edo Seco y San Francisco del Cha\u00f1ar, seg\u00fan lo confirm\u00f3 el [&hellip;]<\/p>\n","protected":false},"author":1,"featured_media":30576,"comment_status":"closed","ping_status":"closed","sticky":false,"template":"","format":"standard","meta":[],"categories":[19],"tags":[],"_links":{"self":[{"href":"http:\/\/hoycordobaweb.com\/index.php\/wp-json\/wp\/v2\/posts\/30575"}],"collection":[{"href":"http:\/\/hoycordobaweb.com\/index.php\/wp-json\/wp\/v2\/posts"}],"about":[{"href":"http:\/\/hoycordobaweb.com\/index.php\/wp-json\/wp\/v2\/types\/post"}],"author":[{"embeddable":true,"href":"http:\/\/hoycordobaweb.com\/index.php\/wp-json\/wp\/v2\/users\/1"}],"replies":[{"embeddable":true,"href":"http:\/\/hoycordobaweb.com\/index.php\/wp-json\/wp\/v2\/comments?post=30575"}],"version-history":[{"count":0,"href":"http:\/\/hoycordobaweb.com\/index.php\/wp-json\/wp\/v2\/posts\/30575\/revisions"}],"wp:featuredmedia":[{"embeddable":true,"href":"http:\/\/hoycordobaweb.com\/index.php\/wp-json\/wp\/v2\/media\/30576"}],"wp:attachment":[{"href":"http:\/\/hoycordobaweb.com\/index.php\/wp-json\/wp\/v2\/media?parent=30575"}],"wp:term":[{"taxonomy":"category","embeddable":true,"href":"http:\/\/hoycordobaweb.com\/index.php\/wp-json\/wp\/v2\/categories?post=30575"},{"taxonomy":"post_tag","embeddable":true,"href":"http:\/\/hoycordobaweb.com\/index.php\/wp-json\/wp\/v2\/tags?post=30575"}],"curies":[{"name":"wp","href":"https:\/\/api.w.org\/{rel}","templated":true}]}}