{"id":30566,"date":"2021-10-06T12:32:00","date_gmt":"2021-10-06T12:32:00","guid":{"rendered":"https:\/\/fm-comunicar.com.ar\/contenido\/18298\/la-camara-de-comercio-adhiere-a-la-campana-encontra-el-regalo-perfecto-para-mama"},"modified":"2021-10-06T12:32:00","modified_gmt":"2021-10-06T12:32:00","slug":"la-camara-de-comercio-adhiere-a-la-campana-de-fedecom-por-el-dia-de-la-madre","status":"publish","type":"post","link":"http:\/\/hoycordobaweb.com\/index.php\/2021\/10\/06\/la-camara-de-comercio-adhiere-a-la-campana-de-fedecom-por-el-dia-de-la-madre\/","title":{"rendered":"La C\u00e1mara de Comercio adhiere a la campa\u00f1a de Fedecom por el D\u00eda de la Madre"},"content":{"rendered":"<p>Es una iniciativa para incentivar la venta en comercios formales de la ciudad que ofrecer\u00e1n descuentos y promociones hasta el 16 de octubre. Se sortear\u00e1n \u00f3rdenes de compra entre los clientes.<img src=\"http:\/\/hoycordobaweb.com\/wp-content\/uploads\/2021\/10\/la-camara-de-comercio-adhiere-a-la-campana-de-fedecom-por-el-dia-de-la-madre.jpg\"><\/p>\n","protected":false},"excerpt":{"rendered":"<p>Es una iniciativa para incentivar la venta en comercios formales de la ciudad que ofrecer\u00e1n descuentos y promociones hasta el 16 de octubre. Se sortear\u00e1n \u00f3rdenes de compra entre los clientes.<\/p>\n","protected":false},"author":1,"featured_media":30567,"comment_status":"closed","ping_status":"closed","sticky":false,"template":"","format":"standard","meta":[],"categories":[18],"tags":[],"_links":{"self":[{"href":"http:\/\/hoycordobaweb.com\/index.php\/wp-json\/wp\/v2\/posts\/30566"}],"collection":[{"href":"http:\/\/hoycordobaweb.com\/index.php\/wp-json\/wp\/v2\/posts"}],"about":[{"href":"http:\/\/hoycordobaweb.com\/index.php\/wp-json\/wp\/v2\/types\/post"}],"author":[{"embeddable":true,"href":"http:\/\/hoycordobaweb.com\/index.php\/wp-json\/wp\/v2\/users\/1"}],"replies":[{"embeddable":true,"href":"http:\/\/hoycordobaweb.com\/index.php\/wp-json\/wp\/v2\/comments?post=30566"}],"version-history":[{"count":0,"href":"http:\/\/hoycordobaweb.com\/index.php\/wp-json\/wp\/v2\/posts\/30566\/revisions"}],"wp:featuredmedia":[{"embeddable":true,"href":"http:\/\/hoycordobaweb.com\/index.php\/wp-json\/wp\/v2\/media\/30567"}],"wp:attachment":[{"href":"http:\/\/hoycordobaweb.com\/index.php\/wp-json\/wp\/v2\/media?parent=30566"}],"wp:term":[{"taxonomy":"category","embeddable":true,"href":"http:\/\/hoycordobaweb.com\/index.php\/wp-json\/wp\/v2\/categories?post=30566"},{"taxonomy":"post_tag","embeddable":true,"href":"http:\/\/hoycordobaweb.com\/index.php\/wp-json\/wp\/v2\/tags?post=30566"}],"curies":[{"name":"wp","href":"https:\/\/api.w.org\/{rel}","templated":true}]}}