{"id":30564,"date":"2021-10-07T00:29:00","date_gmt":"2021-10-07T00:29:00","guid":{"rendered":"https:\/\/fm-comunicar.com.ar\/contenido\/18302\/ya-son-mas-de-35-mil-hectareas-quemadas-por-los-incendios-en-el-norte-de-cordoba"},"modified":"2021-10-07T00:29:00","modified_gmt":"2021-10-07T00:29:00","slug":"ya-son-mas-de-35-mil-hectareas-quemadas-por-los-incendios-en-el-norte-de-cordoba","status":"publish","type":"post","link":"http:\/\/hoycordobaweb.com\/index.php\/2021\/10\/07\/ya-son-mas-de-35-mil-hectareas-quemadas-por-los-incendios-en-el-norte-de-cordoba\/","title":{"rendered":"Ya son m\u00e1s de 35 mil hect\u00e1reas quemadas por los incendios en el Norte de C\u00f3rdoba"},"content":{"rendered":"<p>Los focos avanzan en diferentes puntos de los departamentos Tulumba, R\u00edo Seco y Sobremonte. Hoy falleci\u00f3 el hombre que hab\u00eda sufrido quemaduras el pasado s\u00e1bado y es la tercera v\u00edctima fatal.<img src=\"http:\/\/hoycordobaweb.com\/wp-content\/uploads\/2021\/10\/ya-son-mas-de-35-mil-hectareas-quemadas-por-los-incendios-en-el-norte-de-cordoba.jpg\"><\/p>\n","protected":false},"excerpt":{"rendered":"<p>Los focos avanzan en diferentes puntos de los departamentos Tulumba, R\u00edo Seco y Sobremonte. Hoy falleci\u00f3 el hombre que hab\u00eda sufrido quemaduras el pasado s\u00e1bado y es la tercera v\u00edctima fatal.<\/p>\n","protected":false},"author":1,"featured_media":30565,"comment_status":"closed","ping_status":"closed","sticky":false,"template":"","format":"standard","meta":[],"categories":[18],"tags":[],"_links":{"self":[{"href":"http:\/\/hoycordobaweb.com\/index.php\/wp-json\/wp\/v2\/posts\/30564"}],"collection":[{"href":"http:\/\/hoycordobaweb.com\/index.php\/wp-json\/wp\/v2\/posts"}],"about":[{"href":"http:\/\/hoycordobaweb.com\/index.php\/wp-json\/wp\/v2\/types\/post"}],"author":[{"embeddable":true,"href":"http:\/\/hoycordobaweb.com\/index.php\/wp-json\/wp\/v2\/users\/1"}],"replies":[{"embeddable":true,"href":"http:\/\/hoycordobaweb.com\/index.php\/wp-json\/wp\/v2\/comments?post=30564"}],"version-history":[{"count":0,"href":"http:\/\/hoycordobaweb.com\/index.php\/wp-json\/wp\/v2\/posts\/30564\/revisions"}],"wp:featuredmedia":[{"embeddable":true,"href":"http:\/\/hoycordobaweb.com\/index.php\/wp-json\/wp\/v2\/media\/30565"}],"wp:attachment":[{"href":"http:\/\/hoycordobaweb.com\/index.php\/wp-json\/wp\/v2\/media?parent=30564"}],"wp:term":[{"taxonomy":"category","embeddable":true,"href":"http:\/\/hoycordobaweb.com\/index.php\/wp-json\/wp\/v2\/categories?post=30564"},{"taxonomy":"post_tag","embeddable":true,"href":"http:\/\/hoycordobaweb.com\/index.php\/wp-json\/wp\/v2\/tags?post=30564"}],"curies":[{"name":"wp","href":"https:\/\/api.w.org\/{rel}","templated":true}]}}