{"id":30490,"date":"2021-10-05T11:06:00","date_gmt":"2021-10-05T11:06:00","guid":{"rendered":"http:\/\/hoycordobaweb.com\/index.php\/2021\/10\/05\/francisco-llamo-a-defender-con-firmeza-los-derechos-de-las-mujeres-y-los-menores\/"},"modified":"2021-10-05T11:06:00","modified_gmt":"2021-10-05T11:06:00","slug":"francisco-llamo-a-defender-con-firmeza-los-derechos-de-las-mujeres-y-los-menores","status":"publish","type":"post","link":"http:\/\/hoycordobaweb.com\/index.php\/2021\/10\/05\/francisco-llamo-a-defender-con-firmeza-los-derechos-de-las-mujeres-y-los-menores\/","title":{"rendered":"Francisco llam\u00f3 a \u00abdefender con firmeza\u00bb los derechos de las mujeres y los menores"},"content":{"rendered":"<p><img src=\"http:\/\/hoycordobaweb.com\/wp-content\/uploads\/2021\/10\/francisco-llamo-a-defender-con-firmeza-los-derechos-de-las-mujeres-y-los-menores.jpg\"><\/p>\n<div class=\"image\" id=\"image\" readability=\"8\"> <img src=\"http:\/\/hoycordobaweb.com\/wp-content\/uploads\/2021\/10\/francisco-llamo-a-defender-con-firmeza-los-derechos-de-las-mujeres-y-los-menores-2.jpg\" alt=\"El pont\u00edfice encabez\u00f3 el evento &quot;Religi\u00f3n y Educaci\u00f3n: Hacia un Pacto Educativo Global&quot; en el Vaticano.\" title=\"El pont\u00edfice encabez\u00f3 el evento &quot;Religi\u00f3n y Educaci\u00f3n: Hacia un Pacto Educativo Global&quot; en el Vaticano.\"><\/p>\n<p>El pont\u00edfice encabez\u00f3 el evento \u00abReligi\u00f3n y Educaci\u00f3n: Hacia un Pacto Educativo Global\u00bb en el Vaticano.<\/p>\n<\/div>\n<p>El papa Francisco llam\u00f3 este martes a \u00abdefender con firmeza\u00bb los derechos de mujeres y menores, al encabezar un encuentro con referentes educativos del Vaticano en el que pidi\u00f3 formar a las nuevas generaciones para \u00abser voz de los sin voz\u00bb.<\/p>\n<p>\u00abSi en el pasado los derechos de las mujeres, de los menores, de los m\u00e1s d\u00e9biles no han sido respetados siempre, hoy nos comprometemos a defender con firmeza esos derechos y ense\u00f1ar a las nuevas generaciones a ser voz de los sin voz\u00bb, dijo el pont\u00edfice en el evento \u00abReligi\u00f3n y Educaci\u00f3n: Hacia un Pacto Educativo Global\u00bb en el Vaticano.<\/p>\n<p>\u00abPor tanto, la educaci\u00f3n nos pide repudiar y denunciar cualquier violaci\u00f3n de la integridad f\u00edsica o moral de cada individuo\u00bb, agreg\u00f3 el Papa durante su discurso frente a miembros de la Congregaci\u00f3n para la Educaci\u00f3n Cat\u00f3lica vaticana.<\/p>\n<p>En esa l\u00ednea, el Papa asever\u00f3 que \u00absi en el pasado, tambi\u00e9n en nombre de la religi\u00f3n, se han discriminado las minor\u00edas \u00e9tnicas, culturales, pol\u00edticas o de otro tipo, hoy nosotros queremos defender la identidad y la dignidad de cada persona y ense\u00f1ar a las nuevas generaciones a acoger a todos sin discriminaci\u00f3n\u00bb.<\/p>\n<p>\u00abPor tanto, la educaci\u00f3n nos compromete a acoger al otro tal como es, sin juzgar y condenar a ninguno\u00bb, agreg\u00f3 Jorge Bergoglio.<\/p>\n<p>En su discurso, el Papa se refiri\u00f3 tambi\u00e9n a los desaf\u00edos que enfrenta la educaci\u00f3n por el cambio clim\u00e1tico, y llam\u00f3 a \u00abformarnos a nosotros y a las nuevas generaciones en un estilo de vida m\u00e1s sobrio y eco sostenible\u00bb. <\/p>\n","protected":false},"excerpt":{"rendered":"<p>El pont\u00edfice encabez\u00f3 el evento \u00abReligi\u00f3n y Educaci\u00f3n: Hacia un Pacto Educativo Global\u00bb en el Vaticano. El papa Francisco llam\u00f3 este martes a \u00abdefender con firmeza\u00bb los derechos de mujeres y menores, al encabezar un encuentro con referentes educativos del Vaticano en el que pidi\u00f3 formar a las nuevas generaciones para \u00abser voz de los [&hellip;]<\/p>\n","protected":false},"author":1,"featured_media":30491,"comment_status":"open","ping_status":"closed","sticky":false,"template":"","format":"standard","meta":[],"categories":[19],"tags":[],"_links":{"self":[{"href":"http:\/\/hoycordobaweb.com\/index.php\/wp-json\/wp\/v2\/posts\/30490"}],"collection":[{"href":"http:\/\/hoycordobaweb.com\/index.php\/wp-json\/wp\/v2\/posts"}],"about":[{"href":"http:\/\/hoycordobaweb.com\/index.php\/wp-json\/wp\/v2\/types\/post"}],"author":[{"embeddable":true,"href":"http:\/\/hoycordobaweb.com\/index.php\/wp-json\/wp\/v2\/users\/1"}],"replies":[{"embeddable":true,"href":"http:\/\/hoycordobaweb.com\/index.php\/wp-json\/wp\/v2\/comments?post=30490"}],"version-history":[{"count":0,"href":"http:\/\/hoycordobaweb.com\/index.php\/wp-json\/wp\/v2\/posts\/30490\/revisions"}],"wp:featuredmedia":[{"embeddable":true,"href":"http:\/\/hoycordobaweb.com\/index.php\/wp-json\/wp\/v2\/media\/30491"}],"wp:attachment":[{"href":"http:\/\/hoycordobaweb.com\/index.php\/wp-json\/wp\/v2\/media?parent=30490"}],"wp:term":[{"taxonomy":"category","embeddable":true,"href":"http:\/\/hoycordobaweb.com\/index.php\/wp-json\/wp\/v2\/categories?post=30490"},{"taxonomy":"post_tag","embeddable":true,"href":"http:\/\/hoycordobaweb.com\/index.php\/wp-json\/wp\/v2\/tags?post=30490"}],"curies":[{"name":"wp","href":"https:\/\/api.w.org\/{rel}","templated":true}]}}