{"id":30488,"date":"2021-10-05T11:07:00","date_gmt":"2021-10-05T11:07:00","guid":{"rendered":"http:\/\/hoycordobaweb.com\/index.php\/2021\/10\/05\/el-gobierno-nacional-habilito-el-aeropuerto-de-cordoba-como-corredor-seguro\/"},"modified":"2021-10-05T11:07:00","modified_gmt":"2021-10-05T11:07:00","slug":"el-gobierno-nacional-habilito-el-aeropuerto-de-cordoba-como-corredor-seguro","status":"publish","type":"post","link":"http:\/\/hoycordobaweb.com\/index.php\/2021\/10\/05\/el-gobierno-nacional-habilito-el-aeropuerto-de-cordoba-como-corredor-seguro\/","title":{"rendered":"El Gobierno nacional habilit\u00f3 el aeropuerto de C\u00f3rdoba como corredor seguro"},"content":{"rendered":"<p><img src=\"http:\/\/hoycordobaweb.com\/wp-content\/uploads\/2021\/10\/el-gobierno-nacional-habilito-el-aeropuerto-de-cordoba-como-corredor-seguro.jpg\"><\/p>\n<div class=\"image\" id=\"image\" readability=\"8\"> <img src=\"http:\/\/hoycordobaweb.com\/wp-content\/uploads\/2021\/10\/el-gobierno-nacional-habilito-el-aeropuerto-de-cordoba-como-corredor-seguro-2.jpg\" alt=\"La terminal a\u00e9rea Ambrosio Taravella qued\u00f3 incorporada a los puntos de acceso seguros para quienes llegan del exterior.\" title=\"La terminal a\u00e9rea Ambrosio Taravella qued\u00f3 incorporada a los puntos de acceso seguros para quienes llegan del exterior.\"><\/p>\n<p>La terminal a\u00e9rea Ambrosio Taravella qued\u00f3 incorporada a los puntos de acceso seguros para quienes llegan del exterior.<\/p>\n<\/div>\n<p><strong>El Gobierno nacional oficializ\u00f3 la habilitaci\u00f3n del aeropuerto Ambrosio Taravella de la ciudad de C\u00f3rdoba<\/strong> como corredor seguro <strong>para el ingreso al pa\u00eds de pasajeros del exterior<\/strong>, en cumplimiento de los protocolos sanitarios vigentes en el marco de la pandemia.<\/p>\n<p>Por medio de la <strong>Decisi\u00f3n Administrativa 955\/2021<\/strong>, publicada este martes en el Bolet\u00edn Oficial y firmada por el jefe de Gabinete, Juan Manzur, y los ministros de Salud, Carla Vizzotti, y del Interior, Eduardo \u00abWado\u00bb de Pedro, se dispuso a partir de la fecha la habilitaci\u00f3n del aeropuerto cordob\u00e9s.<\/p>\n<p><strong>En la norma se aprueba el protocolo \u00abde transporte a\u00e9reo de pasajeros provenientes del exterior\u00bb<\/strong> que arriban a la provincia de C\u00f3rdoba propuesto por la autoridad sanitaria provincial y avalado por la autoridad sanitaria nacional.<\/p>\n<p>La disposici\u00f3n prescribe que <strong>la provincia deber\u00e1 ajustarse a las previsiones de los protocolos nacionales<\/strong> que marcan los requisitos para \u00abla solicitud de habilitaci\u00f3n de corredores seguros de ingreso al pa\u00eds\u00bb.<\/p>\n<p>Indica adem\u00e1s que la <strong>provincia \u00abdeber\u00e1 acreditar por ante el Ministerio de Salud nacional la habilitaci\u00f3n provincial de los dispositivos y\/o centros de testeo\u00bb<\/strong> para quienes ingresan al pa\u00eds por ese punto de entrada habilitado.<\/p>\n<p>Se establece tambi\u00e9n que la referida terminal tendr\u00e1 que \u00abcontar con las capacidades b\u00e1sicas exigidas desde el nivel nacional para prevenir y mitigar el ingreso y circulaci\u00f3n de la variante Delta o cualquier otra de preocupaci\u00f3n epidemiol\u00f3gica\u00bb.<\/p>\n<p>Las autoridades de C\u00f3rdoba hab\u00edan presentado los protocolos correspondientes para la habilitaci\u00f3n de este aeropuerto a mediados de agosto, cuando el Gobierno ampli\u00f3 el cupo de ingreso de vuelos desde el exterior, que a partir de ese momento pod\u00eda ser de 1.700 pasajeros diarios.<\/p>\n<p>Entre los considerandos de la disposici\u00f3n, se se\u00f1ala que \u00aben virtud del contexto sanitario y epidemiol\u00f3gico imperante\u00bb, recientemente se implement\u00f3 \u00abun conjunto de nuevas medidas, vigentes a partir del 1\u00b0 de octubre de 2021, fundamentalmente vinculadas a las condiciones de ingreso al pa\u00eds de personas nacionales y residentes en nuestro pa\u00eds, nacionales y residentes de pa\u00edses lim\u00edtrofes y dem\u00e1s extranjeros no residentes\u00bb. <\/p>\n","protected":false},"excerpt":{"rendered":"<p>La terminal a\u00e9rea Ambrosio Taravella qued\u00f3 incorporada a los puntos de acceso seguros para quienes llegan del exterior. El Gobierno nacional oficializ\u00f3 la habilitaci\u00f3n del aeropuerto Ambrosio Taravella de la ciudad de C\u00f3rdoba como corredor seguro para el ingreso al pa\u00eds de pasajeros del exterior, en cumplimiento de los protocolos sanitarios vigentes en el marco [&hellip;]<\/p>\n","protected":false},"author":1,"featured_media":30489,"comment_status":"open","ping_status":"closed","sticky":false,"template":"","format":"standard","meta":[],"categories":[19],"tags":[],"_links":{"self":[{"href":"http:\/\/hoycordobaweb.com\/index.php\/wp-json\/wp\/v2\/posts\/30488"}],"collection":[{"href":"http:\/\/hoycordobaweb.com\/index.php\/wp-json\/wp\/v2\/posts"}],"about":[{"href":"http:\/\/hoycordobaweb.com\/index.php\/wp-json\/wp\/v2\/types\/post"}],"author":[{"embeddable":true,"href":"http:\/\/hoycordobaweb.com\/index.php\/wp-json\/wp\/v2\/users\/1"}],"replies":[{"embeddable":true,"href":"http:\/\/hoycordobaweb.com\/index.php\/wp-json\/wp\/v2\/comments?post=30488"}],"version-history":[{"count":0,"href":"http:\/\/hoycordobaweb.com\/index.php\/wp-json\/wp\/v2\/posts\/30488\/revisions"}],"wp:featuredmedia":[{"embeddable":true,"href":"http:\/\/hoycordobaweb.com\/index.php\/wp-json\/wp\/v2\/media\/30489"}],"wp:attachment":[{"href":"http:\/\/hoycordobaweb.com\/index.php\/wp-json\/wp\/v2\/media?parent=30488"}],"wp:term":[{"taxonomy":"category","embeddable":true,"href":"http:\/\/hoycordobaweb.com\/index.php\/wp-json\/wp\/v2\/categories?post=30488"},{"taxonomy":"post_tag","embeddable":true,"href":"http:\/\/hoycordobaweb.com\/index.php\/wp-json\/wp\/v2\/tags?post=30488"}],"curies":[{"name":"wp","href":"https:\/\/api.w.org\/{rel}","templated":true}]}}