{"id":3046,"date":"2020-10-08T21:12:00","date_gmt":"2020-10-08T21:12:00","guid":{"rendered":"http:\/\/hoycordobaweb.com\/index.php\/2020\/10\/08\/trump-llamo-monstruo-a-harris-y-tildo-a-biden-de-incapaz-mental\/"},"modified":"2020-10-08T21:12:00","modified_gmt":"2020-10-08T21:12:00","slug":"trump-llamo-monstruo-a-harris-y-tildo-a-biden-de-incapaz-mental","status":"publish","type":"post","link":"http:\/\/hoycordobaweb.com\/index.php\/2020\/10\/08\/trump-llamo-monstruo-a-harris-y-tildo-a-biden-de-incapaz-mental\/","title":{"rendered":"Trump llam\u00f3 \u00abmonstruo\u00bb a Harris y tild\u00f3 a Biden de \u00abincapaz mental\u00bb"},"content":{"rendered":"<p><img src=\"http:\/\/hoycordobaweb.com\/wp-content\/uploads\/2020\/10\/trump-llamo-monstruo-a-harris-y-tildo-a-biden-de-incapaz-mental.jpg\"><\/p>\n<div class=\"image\" id=\"image\" readability=\"7\"> <img src=\"http:\/\/hoycordobaweb.com\/wp-content\/uploads\/2020\/10\/trump-llamo-monstruo-a-harris-y-tildo-a-biden-de-incapaz-mental-2.jpg\" alt=\"Trump llam\u00f3 &quot;monstruo&quot; a Harris y tild\u00f3 a Biden de &quot;incapaz mental&quot;\" title=\"Trump llam\u00f3 &quot;monstruo&quot; a Harris y tild\u00f3 a Biden de &quot;incapaz mental&quot;\"><\/p>\n<p>Trump llam\u00f3 \u00abmonstruo\u00bb a Harris y tild\u00f3 a Biden de \u00abincapaz mental\u00bb<\/p>\n<\/div>\n<p><strong>El presidente de Estados Unidos, Donald Trump, llam\u00f3 este jueves \u00abmonstruo\u00bb a la senadora dem\u00f3crata Kamala Harris, quien podr\u00eda convertirse en la primera vicepresidenta negra del pa\u00eds, y tild\u00f3 a su rival, el exvicepresidente Joe Biden, de \u00abincapaz mental\u00bb.<\/strong><\/p>\n<p>Trump, quien est\u00e1 muy rezagado en la carrera por la Casa Blanca el 3 de noviembre frente a su rival Joe Biden, y mantiene clara desventaja en las encuestas entre votantes mujeres, se refiri\u00f3 a Harris como \u00abeste monstruo\u00bb en dos oportunidades en su primera entrevista desde que se contagi\u00f3 de coronavirus con el canal de noticias Fox.<\/p>\n<p>Adem\u00e1s, manifest\u00f3 que el vicepresidente y su compa\u00f1ero de f\u00f3rmula, Mike Pence, \u00abdestruy\u00f3\u00bb a Harris anoche en el debate en Utah.<\/p>\n<p>Durante el duelo televisado anoche entre la candidata dem\u00f3crata y Pence, Harris atac\u00f3 a Trump por su respuesta al coronavirus, y lo acus\u00f3 de encabezar \u00abel mayor fracaso de cualquier administraci\u00f3n presidencial en la historia\u00bb de Estados Unidos.<\/p>\n<p>En la entrevista este jueves, Trump tambi\u00e9n tild\u00f3 a Biden de \u00abincapaz mental\u00bb.<\/p>\n<p>\u00abTodo el mundo lo sabe\u00bb, afirm\u00f3 el mandatario, y predijo que \u00abBiden no ser\u00e1 presidente ni dos meses\u00bb, consign\u00f3 la agencia de noticias AFP.<\/p>\n<p>Trump, quien viene criticando desde hace tiempo a Biden por considerarlo senil y qui\u00e9n calific\u00f3 a Harris en varias ocasiones como \u00abdesagradable\u00bb, revivi\u00f3 una de sus afirmaciones m\u00e1s cuestionadas como pol\u00edtico al afirmar que los inmigrantes indocumentados latinoamericanos son criminales graves.<\/p>\n<p>Los dem\u00f3cratas \u00abquieren que miles de personas que son asesinos, violadores, simplemente entren en nuestro pa\u00eds. Podr\u00edan ser personas muy enfermas\u00bb, dijo, en referencia a los migrantes que tratan de cruzar la frontera con M\u00e9xico de manera ilegal.<\/p>\n<p>Descripciones similares fueron un sello distintivo de la ret\u00f3rica de Trump desde que inici\u00f3 su carrera presidencial en 2015 y declar\u00f3 que los mexicanos que llegan a Estados Unidos son criminales, \u00abvioladores y algunos, supongo, son buenas personas\u00bb. <\/p>\n","protected":false},"excerpt":{"rendered":"<p>Trump llam\u00f3 \u00abmonstruo\u00bb a Harris y tild\u00f3 a Biden de \u00abincapaz mental\u00bb El presidente de Estados Unidos, Donald Trump, llam\u00f3 este jueves \u00abmonstruo\u00bb a la senadora dem\u00f3crata Kamala Harris, quien podr\u00eda convertirse en la primera vicepresidenta negra del pa\u00eds, y tild\u00f3 a su rival, el exvicepresidente Joe Biden, de \u00abincapaz mental\u00bb. Trump, quien est\u00e1 muy [&hellip;]<\/p>\n","protected":false},"author":1,"featured_media":3047,"comment_status":"open","ping_status":"closed","sticky":false,"template":"","format":"standard","meta":[],"categories":[19],"tags":[],"_links":{"self":[{"href":"http:\/\/hoycordobaweb.com\/index.php\/wp-json\/wp\/v2\/posts\/3046"}],"collection":[{"href":"http:\/\/hoycordobaweb.com\/index.php\/wp-json\/wp\/v2\/posts"}],"about":[{"href":"http:\/\/hoycordobaweb.com\/index.php\/wp-json\/wp\/v2\/types\/post"}],"author":[{"embeddable":true,"href":"http:\/\/hoycordobaweb.com\/index.php\/wp-json\/wp\/v2\/users\/1"}],"replies":[{"embeddable":true,"href":"http:\/\/hoycordobaweb.com\/index.php\/wp-json\/wp\/v2\/comments?post=3046"}],"version-history":[{"count":0,"href":"http:\/\/hoycordobaweb.com\/index.php\/wp-json\/wp\/v2\/posts\/3046\/revisions"}],"wp:featuredmedia":[{"embeddable":true,"href":"http:\/\/hoycordobaweb.com\/index.php\/wp-json\/wp\/v2\/media\/3047"}],"wp:attachment":[{"href":"http:\/\/hoycordobaweb.com\/index.php\/wp-json\/wp\/v2\/media?parent=3046"}],"wp:term":[{"taxonomy":"category","embeddable":true,"href":"http:\/\/hoycordobaweb.com\/index.php\/wp-json\/wp\/v2\/categories?post=3046"},{"taxonomy":"post_tag","embeddable":true,"href":"http:\/\/hoycordobaweb.com\/index.php\/wp-json\/wp\/v2\/tags?post=3046"}],"curies":[{"name":"wp","href":"https:\/\/api.w.org\/{rel}","templated":true}]}}