{"id":30432,"date":"2021-09-28T15:06:15","date_gmt":"2021-09-28T15:06:15","guid":{"rendered":"http:\/\/enfermeria.fcm.unc.edu.ar\/?p=3351"},"modified":"2021-09-28T15:06:15","modified_gmt":"2021-09-28T15:06:15","slug":"ciclo-de-talleres-cuidados-en-la-colocacion-de-acceso-periferico","status":"publish","type":"post","link":"http:\/\/hoycordobaweb.com\/index.php\/2021\/09\/28\/ciclo-de-talleres-cuidados-en-la-colocacion-de-acceso-periferico\/","title":{"rendered":"Ciclo de Talleres \u201cCuidados en la colocaci\u00f3n de acceso perif\u00e9rico\u201d"},"content":{"rendered":"<div class=\"post-content\" readability=\"45\">\n<p><strong>Ciclo de Talleres \u201cCuidados en la colocaci\u00f3n de acceso perif\u00e9rico\u201d<\/strong><\/p>\n<style type=\"text\/css\"> #gallery-1 { margin: auto; } #gallery-1 .gallery-item { float: left; margin-top: 10px; text-align: center; width: 25%; } #gallery-1 img { border: 2px solid #cfcfcf; } #gallery-1 .gallery-caption { margin-left: 0; } \/* see gallery_shortcode() in wp-includes\/media.php *\/ <\/style>\n<p>Como parte del Ciclo de Talleres organizados conjuntamente por la &nbsp;Secretar\u00eda de Asuntos Estudiantiles, el Laboratorio de Aprendizaje de Pr\u00e1cticas Simuladas y la C\u00e1tedra de Enfermer\u00eda del Adulto y del Anciano II, se realiz\u00f3 el Taller de cuidados en la colocaci\u00f3n de accesos perif\u00e9ricos que fue desarrollado en tres instancias:<\/p>\n<ul>\n<li>Una fase de abordaje del marco te\u00f3rico relacionado con la tem\u00e1tica del trabajo por medio de la plataforma Moodle de la Secretar\u00eda.<\/li>\n<li>Un segundo momento de pr\u00e1ctica virtual el d\u00eda mi\u00e9rcoles 3 de agosto, que se extendi\u00f3 por espacio de 90 minutos a trav\u00e9s de plataforma de video llamadas virtual, a cargo de docentes de la asignatura.<\/li>\n<li>La tercera etapa de pr\u00e1ctica presencial, efectuada los d\u00edas mi\u00e9rcoles 11 y jueves 12 de agosto en el espacio de simulaci\u00f3n, organizado en burbujas de 6 estudiantes con una duraci\u00f3n de una hora reloj por grupo e instancia final evaluativa a los efectos de la acreditaci\u00f3n.<\/li>\n<\/ul>\n<p>El taller, que fue aprobado por el Honorable Consejo Consultivo de la instituci\u00f3n, tuvo una cantidad de 109 inscriptos; 86 asistentes al segundo momento y 73 estudiantes en el tercer momento presencial.<\/p>\n<\/p><\/div>\n","protected":false},"excerpt":{"rendered":"<p>Ciclo de Talleres \u201cCuidados en la colocaci\u00f3n de acceso perif\u00e9rico\u201d Como parte del Ciclo de Talleres organizados conjuntamente por la &nbsp;Secretar\u00eda de Asuntos Estudiantiles, el Laboratorio de Aprendizaje de Pr\u00e1cticas Simuladas y la C\u00e1tedra de Enfermer\u00eda del Adulto y del Anciano II, se realiz\u00f3 el Taller de cuidados en la colocaci\u00f3n de accesos perif\u00e9ricos que [&hellip;]<\/p>\n","protected":false},"author":1,"featured_media":0,"comment_status":"closed","ping_status":"closed","sticky":false,"template":"","format":"standard","meta":[],"categories":[17],"tags":[],"_links":{"self":[{"href":"http:\/\/hoycordobaweb.com\/index.php\/wp-json\/wp\/v2\/posts\/30432"}],"collection":[{"href":"http:\/\/hoycordobaweb.com\/index.php\/wp-json\/wp\/v2\/posts"}],"about":[{"href":"http:\/\/hoycordobaweb.com\/index.php\/wp-json\/wp\/v2\/types\/post"}],"author":[{"embeddable":true,"href":"http:\/\/hoycordobaweb.com\/index.php\/wp-json\/wp\/v2\/users\/1"}],"replies":[{"embeddable":true,"href":"http:\/\/hoycordobaweb.com\/index.php\/wp-json\/wp\/v2\/comments?post=30432"}],"version-history":[{"count":0,"href":"http:\/\/hoycordobaweb.com\/index.php\/wp-json\/wp\/v2\/posts\/30432\/revisions"}],"wp:attachment":[{"href":"http:\/\/hoycordobaweb.com\/index.php\/wp-json\/wp\/v2\/media?parent=30432"}],"wp:term":[{"taxonomy":"category","embeddable":true,"href":"http:\/\/hoycordobaweb.com\/index.php\/wp-json\/wp\/v2\/categories?post=30432"},{"taxonomy":"post_tag","embeddable":true,"href":"http:\/\/hoycordobaweb.com\/index.php\/wp-json\/wp\/v2\/tags?post=30432"}],"curies":[{"name":"wp","href":"https:\/\/api.w.org\/{rel}","templated":true}]}}