{"id":30430,"date":"2021-10-05T01:48:00","date_gmt":"2021-10-05T01:48:00","guid":{"rendered":"http:\/\/hoycordobaweb.com\/index.php\/2021\/10\/05\/colon-y-banfield-terminaron-sin-goles-ni-emociones\/"},"modified":"2021-10-05T01:48:00","modified_gmt":"2021-10-05T01:48:00","slug":"colon-y-banfield-terminaron-sin-goles-ni-emociones","status":"publish","type":"post","link":"http:\/\/hoycordobaweb.com\/index.php\/2021\/10\/05\/colon-y-banfield-terminaron-sin-goles-ni-emociones\/","title":{"rendered":"Col\u00f3n y Banfield terminaron sin goles ni emociones"},"content":{"rendered":"<p><img src=\"http:\/\/hoycordobaweb.com\/wp-content\/uploads\/2021\/10\/colon-y-banfield-terminaron-sin-goles-ni-emociones.jpg\"><\/p>\n<div class=\"image\" id=\"image\" readability=\"7\"> <img src=\"http:\/\/hoycordobaweb.com\/wp-content\/uploads\/2021\/10\/colon-y-banfield-terminaron-sin-goles-ni-emociones-2.jpg\" alt=\"Un chato encuentro en Santa Fe (Foto: Luis Cetraro)\" title=\"Un chato encuentro en Santa Fe (Foto: Luis Cetraro)\"><\/p>\n<p>Un chato encuentro en Santa Fe (Foto: Luis Cetraro)<\/p>\n<\/div>\n<p>Col\u00f3n, clasificado a la Copa Libertadores 2022, y Banfield, que ya est\u00e1 en la Sudamericana del a\u00f1o pr\u00f3ximo, se enfrentaron este lunes por la noche en Santa Fe para cerrar la decimocuarta fecha del campeonato de la Liga Profesional de F\u00fatbol (LPF), pero esos logros claramente pertenecen a un pasado cercano, ya que sus flojos presentes se vieron reflejados en el 0 a 0 con el que despidieron la jornada.<\/p>\n<p>Muy lejos de los arcos durante todo el encuentro, Col\u00f3n justific\u00f3 porqu\u00e9 esta d\u00e9cimo en el campeonato con 20 unidades, 10 menos que el l\u00edder River, pero mucho m\u00e1s lo hizo Banfield, que est\u00e1 vig\u00e9simosegundo con 14, y que esta noche directamente no pis\u00f3 el \u00e1rea \u00absabalera\u00bb.<\/p>\n<div class=\"image\" id=\"image\"> <img src=\"http:\/\/hoycordobaweb.com\/wp-content\/uploads\/2021\/10\/colon-y-banfield-terminaron-sin-goles-ni-emociones-3.jpg\" alt=\"(Foto: Luis Cetraro)\" title=\"(Foto: Luis Cetraro)\"><\/p>\n<p>(Foto: Luis Cetraro)<\/p>\n<\/div>\n<p>La noche del regreso del p\u00fablico en Santa Fe se vivi\u00f3 entonces en las tribunas y en la celebraci\u00f3n por el t\u00edtulo obtenido en pandemia por el conjunto local, el primero de su historia que fue justamente el que lo clasific\u00f3 a la mencionada Libertadores del a\u00f1o pr\u00f3ximo, pero eso no se traslad\u00f3 a los futbolistas cuando empez\u00f3 a rodar el bal\u00f3n.<\/p>\n<p>Y en ese aspecto Col\u00f3n sigue extra\u00f1ando much\u00edsimo a quien s\u00ed particip\u00f3 de la celebraci\u00f3n posterior al encuentro y antes observ\u00f3 el partido desde uno de los palcos del moderno estadio Brigadier General Estanislao L\u00f3pez: el \u00abPulguita\u00bb Luis Rodr\u00edguez.}<\/p>\n<div class=\"image\" id=\"image\" readability=\"7\"> <img src=\"http:\/\/hoycordobaweb.com\/wp-content\/uploads\/2021\/10\/colon-y-banfield-terminaron-sin-goles-ni-emociones-4.jpg\" alt=\"La celebraci\u00f3n de la gente por el t\u00edtulo conseguido hace unos meses (Foto: Luis Cetraro)\" title=\"La celebraci\u00f3n de la gente por el t\u00edtulo conseguido hace unos meses (Foto: Luis Cetraro)\"><\/p>\n<p>La celebraci\u00f3n de la gente por el t\u00edtulo conseguido hace unos meses (Foto: Luis Cetraro)<\/p>\n<\/div>\n<p><br open><br \/>\nLa falta de profundidad y de \u00abchispa\u00bb en los \u00faltimos metros hace que Col\u00f3n transite por este campeonato sin pena ni gloria, aunque hoy,, por el propio peso de la local\u00eda, su 4-4-2 haya sonado mucho m\u00e1s atrevido, en los n\u00fameros, que el 4-5-1 propuesto por el Banfield de Javier Sanguinetti con Juan \u00c1lvarez un poco m\u00e1s retrasado.<\/p>\n<p>Sin embargo el \u00abTaladro\u00bb fue el que estuvo m\u00e1s cerca de la victoria sobre el final del encuentro con un tiro libre de zurda de Mat\u00edas Gonz\u00e1lez, la \u00abjoyita\u00bb de 19 a\u00f1os de las inferiores albiverdes, que le hubiera terminado de empa\u00f1ar la fiesta a los hinchas del conjunto dirigido por Eduardo Dom\u00ednguez.<\/p>\n<p>Por eso el m\u00e1s aclamado en la noche santafesina no fue un futbolista, sino un cantante, el oriundo de la cercana localidad de Villa Hip\u00f3dromo, Sergio Torres, el cantante de cumbia de 55 a\u00f1os, que encabez\u00f3 el festejo por el \u00fanico t\u00edtulo de los \u00absabaleros\u00bb en primera divisi\u00f3n, el de la pasada Copa de la Liga Profesional.<\/p>\n<div class=\"image\" id=\"image\"> <img src=\"http:\/\/hoycordobaweb.com\/wp-content\/uploads\/2021\/10\/colon-y-banfield-terminaron-sin-goles-ni-emociones-5.jpg\" alt=\"(Foto: Luis Cetraro)\" title=\"(Foto: Luis Cetraro)\"><\/p>\n<p>(Foto: Luis Cetraro)<\/p>\n<\/div>\n<p><br open><br \/>\nTorres ya hab\u00eda sido elegido por la AFA para entonar las estrofas del Himno Nacional antes del reciente encuentro por Eliminatorias Sudamericanas frente a Bolivia, en el estadio de River Plate, encuentro que el seleccionado nacional gan\u00f3 por 3 a 0 con un triplete de Lionel Messi, justamente amigo de este referente de la m\u00fasica tropical santafesina que supo cantar en el vig\u00e9simo cumplea\u00f1os del capit\u00e1n argentino.<\/p>\n<p>Eso, el \u00abBarbaaa, barbaaa&#8230;\u00bb, con el que fue recibido y despedido el entrenador Dom\u00ednguez, y la camiseta con el n\u00famero 10 que se volvi\u00f3 a poner solamente para el acto de celebraci\u00f3n el \u00abPulga\u00bb Rodr\u00edguez (hoy en Gimnasia) portando como excapit\u00e1n la Copa de la Liga, fueron de lo mejor de la noche para una hinchada acotada en su presencia por el aforo impuesto a ra\u00edz de la pandemia de coronavirus, pero no por ello menos fervorosa y emocionada por una vuelta ol\u00edmpica postergada desde el 4 de junio pasado.<\/p>\n<p>\u00abNos tocaron cuatro meses sin poder festejar este t\u00edtulo despu\u00e9s de que 35.000 hinchas viajaran a Paraguay para la final de la Copa Sudamericana que no pudimos ganar con Independiente del Valle, de Ecuador, en 2019, y por eso hoy estamos felices de poder celebrarlo por fin con nuestra gente\u00bb, destac\u00f3 el volante Federico L\u00e9rtora en medio de la algarab\u00eda que finalmente se pudo vivir en la cancha \u00abrojinegra\u00bb.<\/p>\n","protected":false},"excerpt":{"rendered":"<p>Un chato encuentro en Santa Fe (Foto: Luis Cetraro) Col\u00f3n, clasificado a la Copa Libertadores 2022, y Banfield, que ya est\u00e1 en la Sudamericana del a\u00f1o pr\u00f3ximo, se enfrentaron este lunes por la noche en Santa Fe para cerrar la decimocuarta fecha del campeonato de la Liga Profesional de F\u00fatbol (LPF), pero esos logros claramente [&hellip;]<\/p>\n","protected":false},"author":1,"featured_media":30431,"comment_status":"open","ping_status":"closed","sticky":false,"template":"","format":"standard","meta":[],"categories":[16],"tags":[],"_links":{"self":[{"href":"http:\/\/hoycordobaweb.com\/index.php\/wp-json\/wp\/v2\/posts\/30430"}],"collection":[{"href":"http:\/\/hoycordobaweb.com\/index.php\/wp-json\/wp\/v2\/posts"}],"about":[{"href":"http:\/\/hoycordobaweb.com\/index.php\/wp-json\/wp\/v2\/types\/post"}],"author":[{"embeddable":true,"href":"http:\/\/hoycordobaweb.com\/index.php\/wp-json\/wp\/v2\/users\/1"}],"replies":[{"embeddable":true,"href":"http:\/\/hoycordobaweb.com\/index.php\/wp-json\/wp\/v2\/comments?post=30430"}],"version-history":[{"count":0,"href":"http:\/\/hoycordobaweb.com\/index.php\/wp-json\/wp\/v2\/posts\/30430\/revisions"}],"wp:featuredmedia":[{"embeddable":true,"href":"http:\/\/hoycordobaweb.com\/index.php\/wp-json\/wp\/v2\/media\/30431"}],"wp:attachment":[{"href":"http:\/\/hoycordobaweb.com\/index.php\/wp-json\/wp\/v2\/media?parent=30430"}],"wp:term":[{"taxonomy":"category","embeddable":true,"href":"http:\/\/hoycordobaweb.com\/index.php\/wp-json\/wp\/v2\/categories?post=30430"},{"taxonomy":"post_tag","embeddable":true,"href":"http:\/\/hoycordobaweb.com\/index.php\/wp-json\/wp\/v2\/tags?post=30430"}],"curies":[{"name":"wp","href":"https:\/\/api.w.org\/{rel}","templated":true}]}}