{"id":30393,"date":"2021-10-03T22:39:07","date_gmt":"2021-10-03T22:39:07","guid":{"rendered":"http:\/\/ladecimaweb.com\/?p=11400"},"modified":"2021-10-03T22:39:07","modified_gmt":"2021-10-03T22:39:07","slug":"covid-19-avanza-la-descentralizacion-de-la-vacunacion-en-escuelas-hospitales-y-caps","status":"publish","type":"post","link":"http:\/\/hoycordobaweb.com\/index.php\/2021\/10\/03\/covid-19-avanza-la-descentralizacion-de-la-vacunacion-en-escuelas-hospitales-y-caps\/","title":{"rendered":"Covid-19: avanza la descentralizaci\u00f3n de la vacunaci\u00f3n en escuelas, hospitales y caps"},"content":{"rendered":"<p><em>(Prensa de gobierno)<\/em> El Ministerio de Salud continuar\u00e1 esta semana con el Operativo Identificar y la campa\u00f1a de vacunaci\u00f3n contra el Covid-19 que se realizan de manera conjunta en distintos barrios de la capital cordobesa.<\/p>\n<p>Los operativos Identificar consisten en la b\u00fasqueda activa de casos sospechosos de Covid-19, as\u00ed como de contactos estrechos y asintom\u00e1ticos en sectores espec\u00edficos definidos por criterios epidemiol\u00f3gicos.<\/p>\n<p>A los puestos asignados tambi\u00e9n podr\u00e1n acercarse las personas que presenten inconvenientes para realizar la inscripci\u00f3n de la vacuna contra el coronavirus, para recibir el asesoramiento correspondiente.<\/p>\n<p>Adem\u00e1s,\u00a0<strong>se completar\u00e1n esquemas con segundas dosis de Sinopharm<\/strong>\u00a0a personas que hayan recibido su primera dosis de la misma vacuna con al menos un periodo de 21 d\u00edas.<\/p>\n<p>En este caso, se remarca que se vacunar\u00e1n a personas que tengan colocadas vacunas Sinopharm como primeras dosis, ya que no hay evidencia de la eficacia y seguridad de la combinaci\u00f3n de esta vacuna con otras.<\/p>\n<p>Tambi\u00e9n\u00a0<strong>contin\u00faa la vacunaci\u00f3n con Cansino a personas mayores de 18 a\u00f1os<\/strong>\u00a0que presenten mayores dificultades para el acceso a la vacunaci\u00f3n.<\/p>\n<p>As\u00ed mismo, se sigue notificando a\u00a0<strong>personas de 16 y 17 a\u00f1os sin comorbilidades<\/strong>\u00a0para recibir la vacuna<strong>,\u00a0<\/strong>que se hayan registrado previamente de manera voluntaria en el sitio web\u00a0<strong><a href=\"https:\/\/vacunacioncovid19.cba.gov.ar\/\" target=\"_blank\" rel=\"noreferrer noopener\">vacunacioncovid19.cba.gov.ar<\/a><\/strong><\/p>\n<p>En este sentido, quienes deseen vacunarse y no se hayan registrado, deben hacerlo en la mencionada web y sin necesidad de contar con Ciudadano Digital (CiDi).<\/p>\n<h3><strong>Cronograma semanal<\/strong><\/h3>\n<p><strong>Horario: de 14 a 18<\/strong><\/p>\n<p>LUNES 4<\/p>\n<p>B\u00b0 MALDONADO \u2013 Centro Vecinal (Mart\u00edn Cartechini esquina Blas Parera)<\/p>\n<p><a href=\"https:\/\/goo.gl\/maps\/L65do8Di9ZEiXNng8\">https:\/\/goo.gl\/maps\/L65do8Di9ZEiXNng8<\/a><\/p>\n<p>B\u00b0 VILLA ASPACIA \u2013 Play\u00f3n Deportivo (Riga y Calle P\u00fablica)<\/p>\n<p><a href=\"https:\/\/goo.gl\/maps\/JWZps6arAzxwpR7c6\">https:\/\/goo.gl\/maps\/JWZps6arAzxwpR7c6<\/a><\/p>\n<p>B\u00b0 LICEO 3ra \u2013 Iglesia Evang\u00e9lica Beraca (Constancio C. Vigil y Victoriano Montes)<\/p>\n<p><a href=\"https:\/\/maps.app.goo.gl\/yTAtE4ggycV9XYf6A\">https:\/\/maps.app.goo.gl\/yTAtE4ggycV9XYf6A<\/a><\/p>\n<p>B\u00b0 CORTADEROS \u2013 Cancha de Futbol<\/p>\n<p><a href=\"https:\/\/goo.gl\/maps\/z39vQXgBGpFLe8Ya7\">https:\/\/goo.gl\/maps\/z39vQXgBGpFLe8Ya7<\/a><\/p>\n<p>MARTES 5<\/p>\n<p>B\u00ba VILLA MARTINEZ \u2013 Predio Villa Martinez (Aviador Locatelli 1021)<\/p>\n<p><a href=\"https:\/\/goo.gl\/maps\/7qJVfNRbtsZ6wPX2A\">https:\/\/goo.gl\/maps\/7qJVfNRbtsZ6wPX2A<\/a><\/p>\n<p>B\u00ba NICOL\u00c1S AVELLANEDA \u2013 Comedor la Ilusi\u00f3n (Manuel Fraga 5490)<\/p>\n<p><a href=\"https:\/\/goo.gl\/maps\/wZbxWmcJ5AMviFQA6\">https:\/\/goo.gl\/maps\/wZbxWmcJ5AMviFQA6<\/a><\/p>\n<p>B\u00b0 PANAMERICANO \u2013 Play\u00f3n Deportivo (Juan de Constanz y Mariano Fragueiro)<\/p>\n<p><a href=\"https:\/\/goo.gl\/maps\/L2wv59KPYuywmLsa7\">https:\/\/goo.gl\/maps\/L2wv59KPYuywmLsa7<\/a><\/p>\n<p>B\u00b0 TALLERES ESTE \u2013 Plaza (Av. Juan XXII esquina Paysand\u00fa)<\/p>\n<p><a href=\"https:\/\/goo.gl\/maps\/eNMmptG6JZ3dAXpp6\">https:\/\/goo.gl\/maps\/eNMmptG6JZ3dAXpp6<\/a><\/p>\n<p><strong>MI\u00c9RCOLES 6<\/strong><\/p>\n<p>B\u00b0 VILLA SIBURU \u2013 Club Villa Siburu<\/p>\n<p><a href=\"https:\/\/goo.gl\/maps\/d8voMdY466YxiwQT6\">https:\/\/goo.gl\/maps\/d8voMdY466YxiwQT6<\/a><\/p>\n<p>B\u00b0 QUEBRACHO \u2013 Play\u00f3n Deportivo (Av. Quebracho y Pascual Ruiz Huidogro)<\/p>\n<p><a href=\"https:\/\/goo.gl\/maps\/m9uxyQHMQsd83fJq5\">https:\/\/goo.gl\/maps\/m9uxyQHMQsd83fJq5<\/a><\/p>\n<p><strong>B\u00b0 NUESTRO HOGAR 3 \u2013 Iglesia \u00c1gape (Calle Principal Nuestro Hogar III)<\/strong><\/p>\n<p><a href=\"https:\/\/goo.gl\/maps\/Uz8w4tTdqNe2zz1Q8\">https:\/\/goo.gl\/maps\/Uz8w4tTdqNe2zz1Q8<\/a><\/p>\n<p>B\u00b0 VIVERO NORTE \u2013 Play\u00f3n Deportivo (Dos Barrios esquina Diaz Colodero)<\/p>\n<p><a href=\"https:\/\/goo.gl\/maps\/h7scvwoV5wVbkVgM9\">https:\/\/goo.gl\/maps\/h7scvwoV5wVbkVgM9<\/a><\/p>\n<p><strong>JUEVES 7<\/strong><\/p>\n<p>B\u00ba LAS PALMAS \u2013 Club Atl\u00e9tico Las Palmas (Juan Garc\u00eda Mart\u00ednez 325)<\/p>\n<p><a href=\"https:\/\/goo.gl\/maps\/F98CiK1NMvAEnjyD8\">https:\/\/goo.gl\/maps\/F98CiK1NMvAEnjyD8<\/a><\/p>\n<p>B\u00b0 ITUZAINGO \u2013 Club Infantil Barrio Ituzaing\u00f3 CIBI (Dr. Salvador Mazza)<\/p>\n<p><a href=\"https:\/\/goo.gl\/maps\/X2o5U81Zbh5j4QteA\">https:\/\/goo.gl\/maps\/X2o5U81Zbh5j4QteA<\/a><\/p>\n<p>B\u00b0 GUI\u00d1AZ\u00da \u2013 Centro de Jubilados de Alicia Ristler<\/p>\n<p><a href=\"https:\/\/goo.gl\/maps\/8LDkmmXfBs3t9Qy4A\">https:\/\/goo.gl\/maps\/8LDkmmXfBs3t9Qy4A<\/a><\/p>\n<p><strong>B\u00b0 VILLA EL LIBERTADOR \u2013 Sal\u00f3n Parroquial Nuestra Se\u00f1ora del Trabajo<\/strong><\/p>\n<p><a href=\"https:\/\/goo.gl\/maps\/PrxDZj6oagru64Zw8\">https:\/\/goo.gl\/maps\/PrxDZj6oagru64Zw8<\/a><\/p>\n<p><strong>Estrategia sanitaria de vacunaci\u00f3n<\/strong><\/p>\n<p>Salud contin\u00faa la descentralizaci\u00f3n de la vacunaci\u00f3n contra el Covid-19, con el fin de brindar una mayor accesibilidad a la inoculaci\u00f3n y de esta forma, alcanzar la cobertura objetivo.<\/p>\n<p>Adem\u00e1s de continuar con los operativos en los distintos barrios de la capital cordobesa, se incrementan de manera progresiva las acciones territoriales con la incorporaci\u00f3n de diferentes instituciones educativas, los vacunatorios de calendario de hospitales y Centros de Atenci\u00f3n Primaria de la Provincia (CAPS), y CPC municipales ubicados en puntos estrat\u00e9gico de la ciudad.<\/p>\n<p>A partir del lunes 4, y con el objetivo de realizar\u00a0<strong>intervenciones desde las escuelas<\/strong>\u00a0a fin de sostener la presencialidad y avanzar en la cobertura de menores, comienza la vacunaci\u00f3n de la <strong>poblaci\u00f3n de 12 a 18 a\u00f1os,<\/strong> en distintas instituciones educativas de la ciudad capital:<\/p>\n<p>LUNES 4:<\/p>\n<ul>\n<li>IPEM N\u00b0 123<\/li>\n<li>IPEM N\u00b0 18<\/li>\n<li>IPEM N\u00b0 296<\/li>\n<li>IPEM N\u00b0 319<\/li>\n<li>Nuestra Se\u00f1ora del Trabajo<\/li>\n<\/ul>\n<p>MARTES 5:<\/p>\n<ul>\n<li>IPEM N\u00b0 169<\/li>\n<li>Dr. Alejandro Carb\u00f3<\/li>\n<\/ul>\n<p>MIERCOLES 6:<\/p>\n<ul>\n<li>IPEM N\u00b0 373<\/li>\n<li>IPEM N\u00b0 138<\/li>\n<li>IPEM N\u00b0 42<\/li>\n<\/ul>\n<p>JUEVES 7:<\/p>\n<ul>\n<li>IPEM N\u00b0 198<\/li>\n<li>IPEM N\u00b0 123<\/li>\n<li>IPEM N\u00b0 167<\/li>\n<\/ul>\n<p>Para tales operativos, se dispondr\u00e1n de nueve equipos integrados con vacunadores, registradores, personal abocado al triage y un coordinador, con una capacidad m\u00e1xima total de 2.000 vacunas por d\u00eda. Cabe se\u00f1alar que, ser\u00e1 necesario la autorizaci\u00f3n por parte del padre, madre o adulto responsable a cargo del menor.<\/p>\n<p>Por su parte, a partir del martes 5,\u00a0<strong>se habilitar\u00e1n en su horario habitual los vacunatorios de 11 hospitales de la ciudad de C\u00f3rdoba capital<\/strong>; hospital de Ni\u00f1os, Pedi\u00e1trico y Municipal Infantil, para la inoculaci\u00f3n de menores, y San Roque Viejo, Misericordia, Florencio D\u00edaz, Tr\u00e1nsito C\u00e1ceres, Maternidad Provincial, Nacional de Cl\u00ednicas y Maternidad Nacional, para la vacunaci\u00f3n de adultos y ni\u00f1os:<\/p>\n<ul>\n<li>Hospital pedi\u00e1trico: lunes a viernes de 8 a 19 hs<\/li>\n<li>Hospital transito C\u00e1ceres de Allende: lunes a viernes 7 a 13.30<\/li>\n<li>Hospital materno provincial: lunes a viernes de 8 a 11.30 (luego hacen internado) y s\u00e1bados de 9 a 11.<\/li>\n<li>Hospital San Roque viejo: lunes a viernes de 8 a 19.30 hs y los s\u00e1bados de 9 a 14 hs.<\/li>\n<li>Hospital Misericordia: lunes a viernes de 8 a 13 hs.<\/li>\n<li>Hospital Nacional de Cl\u00ednicas: lunes, martes, jueves y viernes de 8 a 13 hs. Mi\u00e9rcoles de 13 a 18 hs.<\/li>\n<li>Hospital Florencio Diaz: lunes a viernes de 8 a 12 y 30.<\/li>\n<li>Hospital Infantil Municipal: lunes a viernes de 8 a 13.<\/li>\n<li>Hospital de Ni\u00f1os Sma Trinidad: lunes a viernes de 8 a 13 hs.<\/li>\n<li>Maternidad Provincial: lunes a viernes de 8 a 13hs.<\/li>\n<li>Maternidad Nacional:\u00a0 lunes a viernes de 8 a 12 hs.<\/li>\n<\/ul>\n<p>Adem\u00e1s, se ampliar\u00e1 a\u00a0<strong>15 Centros de Atenci\u00f3n Primaria de la Provincia (CAPS) la vacunaci\u00f3n Covid-19<\/strong>, en su horario habitual de 10 a 14 horas:<\/p>\n<ul>\n<li>General Savio<\/li>\n<li>Ampliaci\u00f3n Ferreyra<\/li>\n<li>Ciudad Evita<\/li>\n<li>Ciudad de Mis Sue\u00f1os<\/li>\n<li>Parque Las Rosas<\/li>\n<li>Obispo Angelelli<\/li>\n<li>Juan Pablo Segundo<\/li>\n<li>Villa Retiro<\/li>\n<li>Ampliaci\u00f3n Cabildo<\/li>\n<li>Mi Esperanza<\/li>\n<li>Sol Naciente<\/li>\n<li>Chingolo<\/li>\n<li>Cuartetos<\/li>\n<li>Los Ni\u00f1os<\/li>\n<li>Zepa<\/li>\n<\/ul>\n<p>As\u00ed mismo, <strong>se suman como centros de vacunaci\u00f3n los CPC municipales de Empalme, Villa El Libertador, Centro Am\u00e9rica y Arguello.<\/strong><\/p>\n<p>Cabe se\u00f1alar que, en estos dispositivos, se inocular\u00e1n primeras dosis a demanda; mientras que continuar\u00e1n habilitados para completar esquemas con turno, los cuatro centros masivos en C\u00f3rdoba Capital:\u00a0<strong>Centro de Convenciones, Orfeo, Pabell\u00f3n Argentina y Comedor Universitario, junto al AutoVac de la Ciudad Universitaria<\/strong>.<\/p>\n<p>Por otro lado,\u00a0<strong>en el interior provincial, la estrategia de vacunaci\u00f3n avanzar\u00e1 en una primera instancia sobre los 24 vacunatorios hospitalarios<\/strong>\u00a0ubicados en los departamentos de cabecera, y se ampliar\u00e1 conforme a la recepci\u00f3n de vacunas enviadas por Naci\u00f3n, a los centros de salud municipales de aquellas localidades con menores coberturas.<\/p>\n<div class=\"ubm_banner\"><a href=\"https:\/\/youtu.be\/YAnjWjTh-xE\" target=\"_blank\" rel=\"dofollow noopener noreferrer\"><img src=\"http:\/\/hoycordobaweb.com\/wp-content\/uploads\/2021\/10\/covid-19-avanza-la-descentralizacion-de-la-vacunacion-en-escuelas-hospitales-y-caps.gif\" alt=\"\"><\/a><\/div>\n<p>La entrada <a rel=\"nofollow\" href=\"https:\/\/ladecimaweb.com\/covid-19-avanza-la-descentralizacion-de-la-vacunacion-en-escuelas-hospitales-y-caps\/\">Covid-19: avanza la descentralizaci\u00f3n de la vacunaci\u00f3n en escuelas, hospitales y caps<\/a> se public\u00f3 primero en <a rel=\"nofollow\" href=\"https:\/\/ladecimaweb.com\">LaDecima<\/a>.<\/p>\n","protected":false},"excerpt":{"rendered":"<p>(Prensa de gobierno) El Ministerio de Salud continuar\u00e1 esta semana con el Operativo Identificar y la campa\u00f1a de vacunaci\u00f3n contra el Covid-19 que se realizan de manera conjunta en distintos barrios de la capital cordobesa. Los operativos Identificar consisten en la b\u00fasqueda activa de casos sospechosos de Covid-19, as\u00ed como de contactos estrechos y asintom\u00e1ticos [&hellip;]<\/p>\n","protected":false},"author":1,"featured_media":30394,"comment_status":"closed","ping_status":"closed","sticky":false,"template":"","format":"standard","meta":[],"categories":[19],"tags":[],"_links":{"self":[{"href":"http:\/\/hoycordobaweb.com\/index.php\/wp-json\/wp\/v2\/posts\/30393"}],"collection":[{"href":"http:\/\/hoycordobaweb.com\/index.php\/wp-json\/wp\/v2\/posts"}],"about":[{"href":"http:\/\/hoycordobaweb.com\/index.php\/wp-json\/wp\/v2\/types\/post"}],"author":[{"embeddable":true,"href":"http:\/\/hoycordobaweb.com\/index.php\/wp-json\/wp\/v2\/users\/1"}],"replies":[{"embeddable":true,"href":"http:\/\/hoycordobaweb.com\/index.php\/wp-json\/wp\/v2\/comments?post=30393"}],"version-history":[{"count":0,"href":"http:\/\/hoycordobaweb.com\/index.php\/wp-json\/wp\/v2\/posts\/30393\/revisions"}],"wp:featuredmedia":[{"embeddable":true,"href":"http:\/\/hoycordobaweb.com\/index.php\/wp-json\/wp\/v2\/media\/30394"}],"wp:attachment":[{"href":"http:\/\/hoycordobaweb.com\/index.php\/wp-json\/wp\/v2\/media?parent=30393"}],"wp:term":[{"taxonomy":"category","embeddable":true,"href":"http:\/\/hoycordobaweb.com\/index.php\/wp-json\/wp\/v2\/categories?post=30393"},{"taxonomy":"post_tag","embeddable":true,"href":"http:\/\/hoycordobaweb.com\/index.php\/wp-json\/wp\/v2\/tags?post=30393"}],"curies":[{"name":"wp","href":"https:\/\/api.w.org\/{rel}","templated":true}]}}