{"id":30389,"date":"2021-10-03T22:06:00","date_gmt":"2021-10-03T22:06:00","guid":{"rendered":"http:\/\/hoycordobaweb.com\/index.php\/2021\/10\/03\/corea-del-norte-restablece-la-comunicacion-con-corea-del-sur\/"},"modified":"2021-10-03T22:06:00","modified_gmt":"2021-10-03T22:06:00","slug":"corea-del-norte-restablece-la-comunicacion-con-corea-del-sur","status":"publish","type":"post","link":"http:\/\/hoycordobaweb.com\/index.php\/2021\/10\/03\/corea-del-norte-restablece-la-comunicacion-con-corea-del-sur\/","title":{"rendered":"Corea del Norte restablece la comunicaci\u00f3n con Corea del Sur"},"content":{"rendered":"<p><img src=\"http:\/\/hoycordobaweb.com\/wp-content\/uploads\/2021\/10\/corea-del-norte-restablece-la-comunicacion-con-corea-del-sur.jpg\"><\/p>\n<div class=\"image\" id=\"image\" readability=\"9\"> <img src=\"http:\/\/hoycordobaweb.com\/wp-content\/uploads\/2021\/10\/corea-del-norte-restablece-la-comunicacion-con-corea-del-sur-2.jpg\" alt=\"El l\u00edder de Corea del Norte, Kim Jong-un, hab\u00eda anticipado la medida.\" title=\"El l\u00edder de Corea del Norte, Kim Jong-un, hab\u00eda anticipado la medida.\"><\/p>\n<p>El l\u00edder de Corea del Norte, Kim Jong-un, hab\u00eda anticipado la medida.<\/p>\n<\/div>\n<p>Corea del Norte anunci\u00f3 que los \u00abcanales de comunicaci\u00f3n\u00bb con su hom\u00f3loga del Sur ser\u00e1n restablecidos este lunes por la ma\u00f1ana, inform\u00f3 este domingo la agencia noticiosa surcoreana Yonhap.<\/p>\n<p>La fuente precis\u00f3 que <strong>esos canales quedar\u00edan reahabilitados a las 9 de ma\u00f1ana<\/strong> (las 21 del domingo en la Argentina), seg\u00fan la agencia de noticias Sputnik.<\/p>\n<p>El l\u00edder norcoreano, Kim Jong-un, anticip\u00f3 la semana pasada que la comunicaci\u00f3n con Corea del Sur ser\u00eda restablecida \u00aba principios de octubre\u00bb.<\/p>\n<p>Esas declaraciones de Kim se produjeron en respuesta al llamamiento del presidente surcoreano, Moon Jae-in, a declarar el fin de la guerra de Corea.<\/p>\n<p>El origen del conflicto<\/p>\n<p>La amenaza de activistas surcoreanos de enviar panfletos contra Corea del Norte al otro lado de la frontera fue la raz\u00f3n esgrimida por el Gobierno comunista de Kim Jong-un para cortar todas las comunicaciones oficiales con el Sur en junio del a\u00f1o pasado.<\/p>\n<p>La suspensi\u00f3n se dio en un momento de estancamiento en las relaciones entre las dos Coreas, pese a tres reuniones entre Kim y el presidente de Corea del Sur, Moon Jae-in.<\/p>\n<p>Poco despu\u00e9s de la suspensi\u00f3n, Corea del Norte dinamit\u00f3 una oficina fronteriza intercoreana construida para mejorar las comunicaciones entre ambos pa\u00edses, que siguen t\u00e9cnicamente en guerra desde la tregua que puso fin a la Guerra de Corea (1950-1953).<\/p>\n<p>Pero los gobernantes de las dos Coreas intercambiaron cartas personales desde abril para mejorar los v\u00ednculos y acordaron restaurar las l\u00edneas de emergencia como primer paso.<\/p>\n","protected":false},"excerpt":{"rendered":"<p>El l\u00edder de Corea del Norte, Kim Jong-un, hab\u00eda anticipado la medida. Corea del Norte anunci\u00f3 que los \u00abcanales de comunicaci\u00f3n\u00bb con su hom\u00f3loga del Sur ser\u00e1n restablecidos este lunes por la ma\u00f1ana, inform\u00f3 este domingo la agencia noticiosa surcoreana Yonhap. La fuente precis\u00f3 que esos canales quedar\u00edan reahabilitados a las 9 de ma\u00f1ana (las [&hellip;]<\/p>\n","protected":false},"author":1,"featured_media":30390,"comment_status":"open","ping_status":"closed","sticky":false,"template":"","format":"standard","meta":[],"categories":[24],"tags":[],"_links":{"self":[{"href":"http:\/\/hoycordobaweb.com\/index.php\/wp-json\/wp\/v2\/posts\/30389"}],"collection":[{"href":"http:\/\/hoycordobaweb.com\/index.php\/wp-json\/wp\/v2\/posts"}],"about":[{"href":"http:\/\/hoycordobaweb.com\/index.php\/wp-json\/wp\/v2\/types\/post"}],"author":[{"embeddable":true,"href":"http:\/\/hoycordobaweb.com\/index.php\/wp-json\/wp\/v2\/users\/1"}],"replies":[{"embeddable":true,"href":"http:\/\/hoycordobaweb.com\/index.php\/wp-json\/wp\/v2\/comments?post=30389"}],"version-history":[{"count":0,"href":"http:\/\/hoycordobaweb.com\/index.php\/wp-json\/wp\/v2\/posts\/30389\/revisions"}],"wp:featuredmedia":[{"embeddable":true,"href":"http:\/\/hoycordobaweb.com\/index.php\/wp-json\/wp\/v2\/media\/30390"}],"wp:attachment":[{"href":"http:\/\/hoycordobaweb.com\/index.php\/wp-json\/wp\/v2\/media?parent=30389"}],"wp:term":[{"taxonomy":"category","embeddable":true,"href":"http:\/\/hoycordobaweb.com\/index.php\/wp-json\/wp\/v2\/categories?post=30389"},{"taxonomy":"post_tag","embeddable":true,"href":"http:\/\/hoycordobaweb.com\/index.php\/wp-json\/wp\/v2\/tags?post=30389"}],"curies":[{"name":"wp","href":"https:\/\/api.w.org\/{rel}","templated":true}]}}