{"id":30382,"date":"2021-10-03T22:57:00","date_gmt":"2021-10-03T22:57:00","guid":{"rendered":"https:\/\/fm-comunicar.com.ar\/contenido\/18282\/apenas-15-nuevos-casos-hubo-en-la-zona-en-las-ultimas-dos-semanas"},"modified":"2021-10-03T22:57:00","modified_gmt":"2021-10-03T22:57:00","slug":"apenas-15-nuevos-casos-hubo-en-la-zona-en-las-ultimas-dos-semanas","status":"publish","type":"post","link":"http:\/\/hoycordobaweb.com\/index.php\/2021\/10\/03\/apenas-15-nuevos-casos-hubo-en-la-zona-en-las-ultimas-dos-semanas\/","title":{"rendered":"Apenas 15 nuevos casos hubo en la zona en las \u00faltimas dos semanas"},"content":{"rendered":"<p>Se mantiene la tendencia en descenso de contagios en la provincia, el Departamento Col\u00f3n y la regi\u00f3n. Hay 10 casos activos entre Jes\u00fas Mar\u00eda y Colonia Caroya.<img src=\"http:\/\/hoycordobaweb.com\/wp-content\/uploads\/2021\/10\/apenas-15-nuevos-casos-hubo-en-la-zona-en-las-ultimas-dos-semanas.jpg\"><\/p>\n","protected":false},"excerpt":{"rendered":"<p>Se mantiene la tendencia en descenso de contagios en la provincia, el Departamento Col\u00f3n y la regi\u00f3n. Hay 10 casos activos entre Jes\u00fas Mar\u00eda y Colonia Caroya.<\/p>\n","protected":false},"author":1,"featured_media":30383,"comment_status":"closed","ping_status":"closed","sticky":false,"template":"","format":"standard","meta":[],"categories":[18],"tags":[],"_links":{"self":[{"href":"http:\/\/hoycordobaweb.com\/index.php\/wp-json\/wp\/v2\/posts\/30382"}],"collection":[{"href":"http:\/\/hoycordobaweb.com\/index.php\/wp-json\/wp\/v2\/posts"}],"about":[{"href":"http:\/\/hoycordobaweb.com\/index.php\/wp-json\/wp\/v2\/types\/post"}],"author":[{"embeddable":true,"href":"http:\/\/hoycordobaweb.com\/index.php\/wp-json\/wp\/v2\/users\/1"}],"replies":[{"embeddable":true,"href":"http:\/\/hoycordobaweb.com\/index.php\/wp-json\/wp\/v2\/comments?post=30382"}],"version-history":[{"count":0,"href":"http:\/\/hoycordobaweb.com\/index.php\/wp-json\/wp\/v2\/posts\/30382\/revisions"}],"wp:featuredmedia":[{"embeddable":true,"href":"http:\/\/hoycordobaweb.com\/index.php\/wp-json\/wp\/v2\/media\/30383"}],"wp:attachment":[{"href":"http:\/\/hoycordobaweb.com\/index.php\/wp-json\/wp\/v2\/media?parent=30382"}],"wp:term":[{"taxonomy":"category","embeddable":true,"href":"http:\/\/hoycordobaweb.com\/index.php\/wp-json\/wp\/v2\/categories?post=30382"},{"taxonomy":"post_tag","embeddable":true,"href":"http:\/\/hoycordobaweb.com\/index.php\/wp-json\/wp\/v2\/tags?post=30382"}],"curies":[{"name":"wp","href":"https:\/\/api.w.org\/{rel}","templated":true}]}}