{"id":30361,"date":"2021-10-02T12:00:48","date_gmt":"2021-10-02T12:00:48","guid":{"rendered":"https:\/\/www.mujerhoy.com\/moda\/tendencias\/conjunto-punto-efecto-denim-zara-original-top-pantalon-chaqueta-20211002135945-nt.html"},"modified":"2021-10-02T12:00:48","modified_gmt":"2021-10-02T12:00:48","slug":"punto-en-efecto-denim-el-conjunto-de-tres-piezas-mas-original-y-apetecible-del-momento-esta-en-zara","status":"publish","type":"post","link":"http:\/\/hoycordobaweb.com\/index.php\/2021\/10\/02\/punto-en-efecto-denim-el-conjunto-de-tres-piezas-mas-original-y-apetecible-del-momento-esta-en-zara\/","title":{"rendered":"Punto en efecto denim: el conjunto de tres piezas m\u00e1s original y apetecible del momento est\u00e1 en Zara"},"content":{"rendered":"<p><!-- AUTHOR --><!-- COMPONENTS --><\/p>\n<p class=\"voc-paragraph\">Sab\u00edamos que nos esperaba un oto\u00f1o en el que el <a data-voc-vtm-id=\"in-text-traffic\" href=\"https:\/\/www.mujerhoy.com\/moda\/tendencias\/falda-minifalda-efecto-piel-zara-arrasan-otono-20210921012335-nt.html\">efecto piel<\/a> iba a estar muy presente en todas nuestras prendas. Tambi\u00e9n sab\u00edamos que el <a data-voc-vtm-id=\"in-text-traffic\" href=\"https:\/\/www.mujerhoy.com\/moda\/no-te-pierdas\/denim-con-denim-total-look-vaquero-zara-ropa-rejuvenece-a-los-40-victoria-beckham-20210916141509-nt.html\">total look vaquero<\/a> iba a ser una de las tendencias m\u00e1s fuertes de la temporada, ya sea con <a data-voc-vtm-id=\"in-text-traffic\" href=\"https:\/\/www.mujerhoy.com\/moda\/tendencias\/camisa-pantalones-vaqueros-uterque-total-look-20210916134442-nt.html\">camisa<\/a> y pantalones o con falda. Y por supuesto cont\u00e1bamos con que el punto es imprescindible a estas alturas del a\u00f1o. Con lo que no cont\u00e1bamos es con que el efecto piel pasase a ser efecto denim y lo hiciese gracias al punto. Pero ah\u00ed est\u00e1 el conjunto de tres piezas <strong>m\u00e1s original y apetecible del momento<\/strong> que firma Zara y queremos ya en nuestro armario. <\/p>\n<p class=\"voc-paragraph\">Compuesto por un pantal\u00f3n, una chaqueta y un top, este conjunto que parece vaquero pero en realidad es de punto es <strong>la sorpresa m\u00e1s agradable que nos hemos encontrado en las \u00faltimas colecciones<\/strong> de la firma de Inditex. Porque une los dos tejidos tendencia de esta \u00e9poca del a\u00f1o y porque podemos combinar sus prendas con los pantalones, faldas y jers\u00e9is que m\u00e1s nos vamos a poner. <\/p>\n<div class=\"voc-detail-photo-zoom\"><picture data-toggle=\"modal\" data-target=\"#photoZoomModal-436\" target=\"modal\">\n<div class=\"voc-img-icon-link\"><img loading=\"lazy\" data-original=\"\/\/static2.mujerhoy.com\/www\/multimedia\/202109\/25\/media\/cortadas\/Conjunto-Efecto-Denim-Zara-pantalon-kRMH--460x637@MujerHoy.jpg\" class=\"lazy\"><noscript><img src=\"http:\/\/hoycordobaweb.com\/wp-content\/uploads\/2021\/10\/punto-en-efecto-denim-el-conjunto-de-tres-piezas-mas-original-y-apetecible-del-momento-esta-en-zara.jpg\" alt><\/noscript><i class=\"voc-icons zoom voc-multimedia-box voc-ico-l\"><\/i><\/div><figcaption class=\"figure-caption\"><\/figcaption><\/picture><\/div>\n<div id=\"photoZoomModal-436\" class=\"voc-lightbox modal fade voc-lightbox--photo-zoom\" role=\"dialog\" data-voc-photozoom-lightbox>\n<div class=\"voc-lightbox__dialog\" role=\"document\">\n<div class=\"voc-lightbox__content\"><!-- Modal header --><\/p>\n<header class=\"voc-lightbox__header\"><span class=\"voc-lightbox__title\"><\/span><\/header>\n<p><!-- Modal content --><\/p>\n<div class=\"voc-lightbox__photo-container\"><picture class><img loading=\"lazy\" data-original=\"\/\/static2.mujerhoy.com\/www\/multimedia\/202109\/25\/media\/cortadas\/Conjunto-Efecto-Denim-Zara-pantalon-kRMH--460x637@MujerHoy.jpg\" alt class=\"lazy\"><noscript><img src=\"http:\/\/hoycordobaweb.com\/wp-content\/uploads\/2021\/10\/punto-en-efecto-denim-el-conjunto-de-tres-piezas-mas-original-y-apetecible-del-momento-esta-en-zara.jpg\" alt><\/noscript><\/picture><\/div>\n<\/div>\n<\/div>\n<\/div>\n<p class=\"voc-paragraph\">El pantal\u00f3n de punto en efecto denim es de tiro alto <strong>con cintura el\u00e1stica y viene con bolsillos delanteros de plastr\u00f3n<\/strong>. De perneras anchas, tiene los pespuntes vistos combinados a contraste en color anaranjado y cuesta 29,95 euros. Est\u00e1 disponible entre las tallas XS y L. <\/p>\n<div class=\"voc-detail-photo-zoom\"><picture data-toggle=\"modal\" data-target=\"#photoZoomModal-189\" target=\"modal\">\n<div class=\"voc-img-icon-link\"><img loading=\"lazy\" data-original=\"\/\/static3.mujerhoy.com\/www\/multimedia\/202109\/25\/media\/cortadas\/Conjunto-Efecto-Denim-Zara-chaqueta-kRMH--460x637@MujerHoy.jpg\" class=\"lazy\"><noscript><img src=\"http:\/\/hoycordobaweb.com\/wp-content\/uploads\/2021\/10\/punto-en-efecto-denim-el-conjunto-de-tres-piezas-mas-original-y-apetecible-del-momento-esta-en-zara-1.jpg\" alt><\/noscript><i class=\"voc-icons zoom voc-multimedia-box voc-ico-l\"><\/i><\/div><figcaption class=\"figure-caption\"><\/figcaption><\/picture><\/div>\n<div id=\"photoZoomModal-189\" class=\"voc-lightbox modal fade voc-lightbox--photo-zoom\" role=\"dialog\" data-voc-photozoom-lightbox>\n<div class=\"voc-lightbox__dialog\" role=\"document\">\n<div class=\"voc-lightbox__content\"><!-- Modal header --><\/p>\n<header class=\"voc-lightbox__header\"><span class=\"voc-lightbox__title\"><\/span><\/header>\n<p><!-- Modal content --><\/p>\n<div class=\"voc-lightbox__photo-container\"><picture class><img loading=\"lazy\" data-original=\"\/\/static3.mujerhoy.com\/www\/multimedia\/202109\/25\/media\/cortadas\/Conjunto-Efecto-Denim-Zara-chaqueta-kRMH--460x637@MujerHoy.jpg\" alt class=\"lazy\"><noscript><img src=\"http:\/\/hoycordobaweb.com\/wp-content\/uploads\/2021\/10\/punto-en-efecto-denim-el-conjunto-de-tres-piezas-mas-original-y-apetecible-del-momento-esta-en-zara-1.jpg\" alt><\/noscript><\/picture><\/div>\n<\/div>\n<\/div>\n<\/div>\n<p class=\"voc-paragraph\">La chaqueta es una estilosa versi\u00f3n de la cazadora vaquera de toda la vida y viene <strong>con cuello solapa con mangas largas y detalle de falsos bolsillos<\/strong> con solapa en la pechera. Con cierre frontal de botones met\u00e1licos a presi\u00f3n, tambi\u00e9n tiene las costuras vistas y podemos encontrarla en las tallas S, M y L por 39,95 euros. <\/p>\n<div class=\"voc-detail-photo-zoom\"><picture data-toggle=\"modal\" data-target=\"#photoZoomModal-646\" target=\"modal\">\n<div class=\"voc-img-icon-link\"><img loading=\"lazy\" data-original=\"\/\/static.mujerhoy.com\/www\/multimedia\/202109\/25\/media\/cortadas\/Conjunto-Efecto-Denim-Zara-tops-kRMH--460x637@MujerHoy.jpg\" class=\"lazy\"><noscript><img src=\"http:\/\/hoycordobaweb.com\/wp-content\/uploads\/2021\/10\/punto-en-efecto-denim-el-conjunto-de-tres-piezas-mas-original-y-apetecible-del-momento-esta-en-zara-2.jpg\" alt><\/noscript><i class=\"voc-icons zoom voc-multimedia-box voc-ico-l\"><\/i><\/div><figcaption class=\"figure-caption\"><\/figcaption><\/picture><\/div>\n<div id=\"photoZoomModal-646\" class=\"voc-lightbox modal fade voc-lightbox--photo-zoom\" role=\"dialog\" data-voc-photozoom-lightbox>\n<div class=\"voc-lightbox__dialog\" role=\"document\">\n<div class=\"voc-lightbox__content\"><!-- Modal header --><\/p>\n<header class=\"voc-lightbox__header\"><span class=\"voc-lightbox__title\"><\/span><\/header>\n<p><!-- Modal content --><\/p>\n<div class=\"voc-lightbox__photo-container\"><picture class><img loading=\"lazy\" data-original=\"\/\/static.mujerhoy.com\/www\/multimedia\/202109\/25\/media\/cortadas\/Conjunto-Efecto-Denim-Zara-tops-kRMH--460x637@MujerHoy.jpg\" alt class=\"lazy\"><noscript><img src=\"http:\/\/hoycordobaweb.com\/wp-content\/uploads\/2021\/10\/punto-en-efecto-denim-el-conjunto-de-tres-piezas-mas-original-y-apetecible-del-momento-esta-en-zara-2.jpg\" alt><\/noscript><\/picture><\/div>\n<\/div>\n<\/div>\n<\/div>\n<p class=\"voc-paragraph\">Por \u00faltimo el top es de dise\u00f1o cropped, tiene el <strong>escote recto y tirantes anchos y los detalles de pespuntes combinados<\/strong> a contraste de las otras dos prendas. Con un precio de 15,95 euros, podemos encontrarlo entre las tallas XS y L. <\/p>\n<div class=\"voc-detail-photo-zoom\"><picture data-toggle=\"modal\" data-target=\"#photoZoomModal-863\" target=\"modal\">\n<div class=\"voc-img-icon-link\"><img loading=\"lazy\" data-original=\"\/\/static.mujerhoy.com\/www\/multimedia\/202109\/25\/media\/cortadas\/Conjunto-Efecto-Denim-Zara-abajo-kRMH--460x637@MujerHoy.jpg\" class=\"lazy\"><noscript><img src=\"http:\/\/hoycordobaweb.com\/wp-content\/uploads\/2021\/10\/punto-en-efecto-denim-el-conjunto-de-tres-piezas-mas-original-y-apetecible-del-momento-esta-en-zara-3.jpg\" alt><\/noscript><i class=\"voc-icons zoom voc-multimedia-box voc-ico-l\"><\/i><\/div><figcaption class=\"figure-caption\"><\/figcaption><\/picture><\/div>\n<div id=\"photoZoomModal-863\" class=\"voc-lightbox modal fade voc-lightbox--photo-zoom\" role=\"dialog\" data-voc-photozoom-lightbox>\n<div class=\"voc-lightbox__dialog\" role=\"document\">\n<div class=\"voc-lightbox__content\"><!-- Modal header --><\/p>\n<header class=\"voc-lightbox__header\"><span class=\"voc-lightbox__title\"><\/span><\/header>\n<p><!-- Modal content --><\/p>\n<div class=\"voc-lightbox__photo-container\"><picture class><img loading=\"lazy\" data-original=\"\/\/static.mujerhoy.com\/www\/multimedia\/202109\/25\/media\/cortadas\/Conjunto-Efecto-Denim-Zara-abajo-kRMH--460x637@MujerHoy.jpg\" alt class=\"lazy\"><noscript><img src=\"http:\/\/hoycordobaweb.com\/wp-content\/uploads\/2021\/10\/punto-en-efecto-denim-el-conjunto-de-tres-piezas-mas-original-y-apetecible-del-momento-esta-en-zara-3.jpg\" alt><\/noscript><\/picture><\/div>\n<\/div>\n<\/div>\n<\/div>\n<div class=\"voc-detail__cmp voc-detail__cmp--pad-lr voc-detail__cmp--pad-lr--bdr\">\n<div class=\"voc-ficha-detail__wrapper\">\n<section class=\"voc-ficha-detail\">\n<h4 class=\"voc-ficha-detail-title voc-title-section\">Te recomendamos<\/h4>\n<\/section>\n<\/div>\n<\/div>\n<p><!-- TOPICS --><\/p>\n","protected":false},"excerpt":{"rendered":"<p>Sab\u00edamos que nos esperaba un oto\u00f1o en el que el efecto piel iba a estar muy presente en todas nuestras prendas. Tambi\u00e9n sab\u00edamos que el total look vaquero iba a ser una de las tendencias m\u00e1s fuertes de la temporada, ya sea con camisa y pantalones o con falda. Y por supuesto cont\u00e1bamos con que [&hellip;]<\/p>\n","protected":false},"author":1,"featured_media":30362,"comment_status":"closed","ping_status":"closed","sticky":false,"template":"","format":"standard","meta":[],"categories":[1],"tags":[],"_links":{"self":[{"href":"http:\/\/hoycordobaweb.com\/index.php\/wp-json\/wp\/v2\/posts\/30361"}],"collection":[{"href":"http:\/\/hoycordobaweb.com\/index.php\/wp-json\/wp\/v2\/posts"}],"about":[{"href":"http:\/\/hoycordobaweb.com\/index.php\/wp-json\/wp\/v2\/types\/post"}],"author":[{"embeddable":true,"href":"http:\/\/hoycordobaweb.com\/index.php\/wp-json\/wp\/v2\/users\/1"}],"replies":[{"embeddable":true,"href":"http:\/\/hoycordobaweb.com\/index.php\/wp-json\/wp\/v2\/comments?post=30361"}],"version-history":[{"count":0,"href":"http:\/\/hoycordobaweb.com\/index.php\/wp-json\/wp\/v2\/posts\/30361\/revisions"}],"wp:featuredmedia":[{"embeddable":true,"href":"http:\/\/hoycordobaweb.com\/index.php\/wp-json\/wp\/v2\/media\/30362"}],"wp:attachment":[{"href":"http:\/\/hoycordobaweb.com\/index.php\/wp-json\/wp\/v2\/media?parent=30361"}],"wp:term":[{"taxonomy":"category","embeddable":true,"href":"http:\/\/hoycordobaweb.com\/index.php\/wp-json\/wp\/v2\/categories?post=30361"},{"taxonomy":"post_tag","embeddable":true,"href":"http:\/\/hoycordobaweb.com\/index.php\/wp-json\/wp\/v2\/tags?post=30361"}],"curies":[{"name":"wp","href":"https:\/\/api.w.org\/{rel}","templated":true}]}}