{"id":30339,"date":"2021-10-02T16:28:46","date_gmt":"2021-10-02T16:28:46","guid":{"rendered":"http:\/\/ladecimaweb.com\/?p=11395"},"modified":"2021-10-02T16:28:46","modified_gmt":"2021-10-02T16:28:46","slug":"en-la-ultima-semana-de-setiembre-se-activo-246-veces-el-protocolo-covid-en-las-escuelas","status":"publish","type":"post","link":"http:\/\/hoycordobaweb.com\/index.php\/2021\/10\/02\/en-la-ultima-semana-de-setiembre-se-activo-246-veces-el-protocolo-covid-en-las-escuelas\/","title":{"rendered":"En la \u00faltima semana de setiembre se activ\u00f3 246 veces el protocolo covid en las escuelas"},"content":{"rendered":"<p>En la \u00faltima semana de septiembre, el Ministerio de Educaci\u00f3n de la Provincia puso en marcha 246 veces la gu\u00eda de actuaci\u00f3n ante casos sospechosos y confirmados de coronavirus, en un total de 143 establecimientos educativos de distintos niveles y modalidades, seg\u00fan surge del informe de activaci\u00f3n del protocolo contra el Covid-19 en las escuelas.<\/p>\n<p>En ese marco, se inform\u00f3 un total de 1.484 casos y se confirmaron 590 positivos.<\/p>\n<p>La activaci\u00f3n por nivel educativo dio el siguiente resultado: nivel inicial, 21,5% (53 casos); nivel primario, 36% (91); y secundario, 41,5% (102).<\/p>\n<p>A su vez, del total de casos informados, 199 correspondieron a estudiantes (80,9%) y 35 a docentes (14,2%); el resto se dividi\u00f3 entre directivos y no docentes.<\/p>\n<p>En el 3,7% de los casos (9) se trat\u00f3 de personas con s\u00edntomas durante la jornada escolar; en el 37,8% (93) se notific\u00f3 que un integrante de la comunidad educativa era contacto estrecho de un caso de Covid-19; en el 14,2% (35), una persona con s\u00edntomas que se ausenta y avisa (48 horas antes de que aparecieran estuvo en la escuela); y en el 44,3% (109) se notific\u00f3 un caso positivo confirmado.<\/p>\n<p>En funci\u00f3n del tipo de caso detectado (sospechoso, confirmado, contacto estrecho), la persona involucrada y las medidas de seguridad adoptadas, la autoridad sanitaria interviniente determin\u00f3 aislar la burbuja en el 42,3% de los casos (104).<\/p>\n<div class=\"ubm_banner\"><a href=\"https:\/\/youtu.be\/YAnjWjTh-xE\" target=\"_blank\" rel=\"dofollow noopener noreferrer\"><img src=\"http:\/\/hoycordobaweb.com\/wp-content\/uploads\/2021\/10\/en-la-ultima-semana-de-setiembre-se-activo-246-veces-el-protocolo-covid-en-las-escuelas.gif\" alt=\"\"><\/a><\/div>\n<p>La entrada <a rel=\"nofollow\" href=\"https:\/\/ladecimaweb.com\/en-la-ultima-semana-de-setiembre-se-activo-246-veces-el-protocolo-covid-en-las-escuelas\/\">En la \u00faltima semana de setiembre se activ\u00f3 246 veces el protocolo covid en las escuelas<\/a> se public\u00f3 primero en <a rel=\"nofollow\" href=\"https:\/\/ladecimaweb.com\">LaDecima<\/a>.<\/p>\n","protected":false},"excerpt":{"rendered":"<p>En la \u00faltima semana de septiembre, el Ministerio de Educaci\u00f3n de la Provincia puso en marcha 246 veces la gu\u00eda de actuaci\u00f3n ante casos sospechosos y confirmados de coronavirus, en un total de 143 establecimientos educativos de distintos niveles y modalidades, seg\u00fan surge del informe de activaci\u00f3n del protocolo contra el Covid-19 en las escuelas. [&hellip;]<\/p>\n","protected":false},"author":1,"featured_media":30340,"comment_status":"closed","ping_status":"closed","sticky":false,"template":"","format":"standard","meta":[],"categories":[19],"tags":[],"_links":{"self":[{"href":"http:\/\/hoycordobaweb.com\/index.php\/wp-json\/wp\/v2\/posts\/30339"}],"collection":[{"href":"http:\/\/hoycordobaweb.com\/index.php\/wp-json\/wp\/v2\/posts"}],"about":[{"href":"http:\/\/hoycordobaweb.com\/index.php\/wp-json\/wp\/v2\/types\/post"}],"author":[{"embeddable":true,"href":"http:\/\/hoycordobaweb.com\/index.php\/wp-json\/wp\/v2\/users\/1"}],"replies":[{"embeddable":true,"href":"http:\/\/hoycordobaweb.com\/index.php\/wp-json\/wp\/v2\/comments?post=30339"}],"version-history":[{"count":0,"href":"http:\/\/hoycordobaweb.com\/index.php\/wp-json\/wp\/v2\/posts\/30339\/revisions"}],"wp:featuredmedia":[{"embeddable":true,"href":"http:\/\/hoycordobaweb.com\/index.php\/wp-json\/wp\/v2\/media\/30340"}],"wp:attachment":[{"href":"http:\/\/hoycordobaweb.com\/index.php\/wp-json\/wp\/v2\/media?parent=30339"}],"wp:term":[{"taxonomy":"category","embeddable":true,"href":"http:\/\/hoycordobaweb.com\/index.php\/wp-json\/wp\/v2\/categories?post=30339"},{"taxonomy":"post_tag","embeddable":true,"href":"http:\/\/hoycordobaweb.com\/index.php\/wp-json\/wp\/v2\/tags?post=30339"}],"curies":[{"name":"wp","href":"https:\/\/api.w.org\/{rel}","templated":true}]}}