{"id":30311,"date":"2021-10-02T10:26:05","date_gmt":"2021-10-02T10:26:05","guid":{"rendered":"https:\/\/www.trendencias.com\/novias\/asi-ha-sido-vestido-novia-claudia-osborne"},"modified":"2021-10-02T10:26:05","modified_gmt":"2021-10-02T10:26:05","slug":"asi-ha-sido-el-vestido-de-novia-de-claudia-osborne","status":"publish","type":"post","link":"http:\/\/hoycordobaweb.com\/index.php\/2021\/10\/02\/asi-ha-sido-el-vestido-de-novia-de-claudia-osborne\/","title":{"rendered":"As\u00ed ha sido el vestido de novia de Claudia Osborne"},"content":{"rendered":"<p><strong>Claudia Osborne y Jos\u00e9 Entrecanales<\/strong> se han dado el s\u00ed quiero en Jerez de la Frontera, concretamente en la iglesia de San Miguel, en la misma ciudad, iglesia y finca donde lo hicieron sus hermanas y sus padres, Bert\u00edn Osborne y Sandra Domecq.<\/p>\n<p><!-- BREAK 1 --><\/p>\n<p>Despu\u00e9s de la ceremonia, los invitados se dirigen hacia el banquete, en la Finca Santiago, una propiedad cargada de significado para la familia.<\/p>\n<p><!-- BREAK 2 --> <\/p>\n<div class=\"article-asset article-asset-normal article-asset-center\">\n<div class=\"desvio-container\">\n<div class=\"desvio\">\n<div class=\"desvio-figure js-desvio-figure\"> <a href=\"https:\/\/www.trendencias.com\/moda-famosas\/eugenia-alejandra-osborne-ines-domecq-mercedes-bohorquez-muchas-asi-sofisticados-han-sido-looks-invitadas-a-boda-claudia-osborne-jose-entrecanales\"> <img alt=\"Eugenia y Alejandra Osborne, In\u00e9s Domecq, Mercedes Boh\u00f3rquez y muchas m\u00e1s... as\u00ed de sofisticados han sido los looks de las invitadas a la boda de Claudia Osborne y Jos\u00e9 Entrecanales\" src=\"http:\/\/hoycordobaweb.com\/wp-content\/uploads\/2021\/10\/asi-ha-sido-el-vestido-de-novia-de-claudia-osborne.jpg\"> <\/a> <\/div>\n<div class=\"desvio-summary\">\n<div class=\"desvio-taxonomy js-desvio-taxonomy\"> <a href=\"https:\/\/www.trendencias.com\/moda-famosas\/eugenia-alejandra-osborne-ines-domecq-mercedes-bohorquez-muchas-asi-sofisticados-han-sido-looks-invitadas-a-boda-claudia-osborne-jose-entrecanales\" class=\"desvio-taxonomy-anchor\">En Trendencias<\/a> <\/div>\n<p> <a href=\"https:\/\/www.trendencias.com\/moda-famosas\/eugenia-alejandra-osborne-ines-domecq-mercedes-bohorquez-muchas-asi-sofisticados-han-sido-looks-invitadas-a-boda-claudia-osborne-jose-entrecanales\" class=\"desvio-title js-desvio-title\">Eugenia y Alejandra Osborne, In\u00e9s Domecq, Mercedes Boh\u00f3rquez y muchas m\u00e1s&#8230; as\u00ed de sofisticados han sido los looks de las invitadas a la boda de Claudia Osborne y Jos\u00e9 Entrecanales<\/a> <\/div><\/div><\/div>\n<\/div>\n<div class=\"article-asset-image article-asset-normal article-asset-center\">\n<div class=\"asset-content\">\n<div class=\"base-wrapper-image\"> <img class=\"sf-lazy centro_sinmarco\" data-sf-srcset=\"http:\/\/hoycordobaweb.com\/wp-content\/uploads\/2021\/10\/asi-ha-sido-el-vestido-de-novia-de-claudia-osborne-1.jpg 450w, http:\/\/hoycordobaweb.com\/wp-content\/uploads\/2021\/10\/asi-ha-sido-el-vestido-de-novia-de-claudia-osborne-5.jpg 681w,http:\/\/hoycordobaweb.com\/wp-content\/uploads\/2021\/10\/asi-ha-sido-el-vestido-de-novia-de-claudia-osborne-6.jpg 1024w, http:\/\/hoycordobaweb.com\/wp-content\/uploads\/2021\/10\/asi-ha-sido-el-vestido-de-novia-de-claudia-osborne-7.jpg 1366w,\" data-sf-src=\"http:\/\/hoycordobaweb.com\/wp-content\/uploads\/2021\/10\/asi-ha-sido-el-vestido-de-novia-de-claudia-osborne-1.jpg\" alt=\"Dl U496509 070 1\"> <noscript><img alt=\"Dl U496509 070 1\" class=\"centro_sinmarco\" src=\"http:\/\/hoycordobaweb.com\/wp-content\/uploads\/2021\/10\/asi-ha-sido-el-vestido-de-novia-de-claudia-osborne-1.jpg\"><\/noscript> <\/div><\/div>\n<\/div>\n<p>Claudia Osborne ha llegado del brazo de su padre Bert\u00edn Osborne&#8230;y por fin hemos podido ver el secreto mejor guardado: <strong>el vestido de la novia. <\/strong>Un dise\u00f1o de corte recto, escote palabra de honor y capa que se prolonga en una larga cola.<\/p>\n<p><!-- BREAK 3 --><\/p>\n<p>Un modelo realizado en tejido plumeti muy marcado que simula perlas, y que ha combinado con un llamativo collar de piedras oscuras. Melena recogida en un sencillo mo\u00f1o con raya al medio y un ramo de flores silvestres han completado su<em> look <\/em>nupcial.<\/p>\n<p><!-- BREAK 4 --><\/p>\n<div class=\"article-asset-image article-asset-normal article-asset-center\">\n<div class=\"asset-content\">\n<div class=\"base-wrapper-image\"> <img class=\"sf-lazy centro_sinmarco\" data-sf-srcset=\"http:\/\/hoycordobaweb.com\/wp-content\/uploads\/2021\/10\/asi-ha-sido-el-vestido-de-novia-de-claudia-osborne-2.jpg 450w, http:\/\/hoycordobaweb.com\/wp-content\/uploads\/2021\/10\/asi-ha-sido-el-vestido-de-novia-de-claudia-osborne-8.jpg 681w,http:\/\/hoycordobaweb.com\/wp-content\/uploads\/2021\/10\/asi-ha-sido-el-vestido-de-novia-de-claudia-osborne-9.jpg 1024w, http:\/\/hoycordobaweb.com\/wp-content\/uploads\/2021\/10\/asi-ha-sido-el-vestido-de-novia-de-claudia-osborne-10.jpg 1366w,\" data-sf-src=\"http:\/\/hoycordobaweb.com\/wp-content\/uploads\/2021\/10\/asi-ha-sido-el-vestido-de-novia-de-claudia-osborne-2.jpg\" alt=\"Dl U496509 076\"> <noscript><img alt=\"Dl U496509 076\" class=\"centro_sinmarco\" src=\"http:\/\/hoycordobaweb.com\/wp-content\/uploads\/2021\/10\/asi-ha-sido-el-vestido-de-novia-de-claudia-osborne-2.jpg\"><\/noscript> <\/div><\/div>\n<\/div>\n<div class=\"article-asset-image article-asset-normal article-asset-center\">\n<div class=\"asset-content\">\n<div class=\"base-wrapper-image\"> <img class=\"sf-lazy centro_sinmarco\" data-sf-srcset=\"http:\/\/hoycordobaweb.com\/wp-content\/uploads\/2021\/10\/asi-ha-sido-el-vestido-de-novia-de-claudia-osborne-3.jpg 450w, http:\/\/hoycordobaweb.com\/wp-content\/uploads\/2021\/10\/asi-ha-sido-el-vestido-de-novia-de-claudia-osborne-11.jpg 681w,http:\/\/hoycordobaweb.com\/wp-content\/uploads\/2021\/10\/asi-ha-sido-el-vestido-de-novia-de-claudia-osborne-12.jpg 1024w, http:\/\/hoycordobaweb.com\/wp-content\/uploads\/2021\/10\/asi-ha-sido-el-vestido-de-novia-de-claudia-osborne-13.jpg 1366w,\" data-sf-src=\"http:\/\/hoycordobaweb.com\/wp-content\/uploads\/2021\/10\/asi-ha-sido-el-vestido-de-novia-de-claudia-osborne-3.jpg\" alt=\"Dl U496509 077\"> <noscript><img alt=\"Dl U496509 077\" class=\"centro_sinmarco\" src=\"http:\/\/hoycordobaweb.com\/wp-content\/uploads\/2021\/10\/asi-ha-sido-el-vestido-de-novia-de-claudia-osborne-3.jpg\"><\/noscript> <\/div><\/div>\n<\/div>\n<p>Fotos | Gtres<\/p>\n","protected":false},"excerpt":{"rendered":"<p>Claudia Osborne y Jos\u00e9 Entrecanales se han dado el s\u00ed quiero en Jerez de la Frontera, concretamente en la iglesia de San Miguel, en la misma ciudad, iglesia y finca donde lo hicieron sus hermanas y sus padres, Bert\u00edn Osborne y Sandra Domecq. Despu\u00e9s de la ceremonia, los invitados se dirigen hacia el banquete, en [&hellip;]<\/p>\n","protected":false},"author":1,"featured_media":30312,"comment_status":"closed","ping_status":"closed","sticky":false,"template":"","format":"standard","meta":[],"categories":[1],"tags":[],"_links":{"self":[{"href":"http:\/\/hoycordobaweb.com\/index.php\/wp-json\/wp\/v2\/posts\/30311"}],"collection":[{"href":"http:\/\/hoycordobaweb.com\/index.php\/wp-json\/wp\/v2\/posts"}],"about":[{"href":"http:\/\/hoycordobaweb.com\/index.php\/wp-json\/wp\/v2\/types\/post"}],"author":[{"embeddable":true,"href":"http:\/\/hoycordobaweb.com\/index.php\/wp-json\/wp\/v2\/users\/1"}],"replies":[{"embeddable":true,"href":"http:\/\/hoycordobaweb.com\/index.php\/wp-json\/wp\/v2\/comments?post=30311"}],"version-history":[{"count":0,"href":"http:\/\/hoycordobaweb.com\/index.php\/wp-json\/wp\/v2\/posts\/30311\/revisions"}],"wp:featuredmedia":[{"embeddable":true,"href":"http:\/\/hoycordobaweb.com\/index.php\/wp-json\/wp\/v2\/media\/30312"}],"wp:attachment":[{"href":"http:\/\/hoycordobaweb.com\/index.php\/wp-json\/wp\/v2\/media?parent=30311"}],"wp:term":[{"taxonomy":"category","embeddable":true,"href":"http:\/\/hoycordobaweb.com\/index.php\/wp-json\/wp\/v2\/categories?post=30311"},{"taxonomy":"post_tag","embeddable":true,"href":"http:\/\/hoycordobaweb.com\/index.php\/wp-json\/wp\/v2\/tags?post=30311"}],"curies":[{"name":"wp","href":"https:\/\/api.w.org\/{rel}","templated":true}]}}