{"id":30304,"date":"2021-10-02T09:34:41","date_gmt":"2021-10-02T09:34:41","guid":{"rendered":"https:\/\/www.mujerhoy.com\/moda\/no-te-pierdas\/bailarinas-mujer-cordones-tiras-made-in-spain-zapatos-planos-tendencia-parecen-lujo-estilizan-pierna-20211002004119-nt.html"},"modified":"2021-10-02T09:34:41","modified_gmt":"2021-10-02T09:34:41","slug":"de-la-pasarela-a-la-oficina-las-bailarinas-con-tiras-son-los-zapatos-planos-que-parecen-de-lujo-estilizan-la-pierna-y-subiran-el-nivel-de-tus-looks","status":"publish","type":"post","link":"http:\/\/hoycordobaweb.com\/index.php\/2021\/10\/02\/de-la-pasarela-a-la-oficina-las-bailarinas-con-tiras-son-los-zapatos-planos-que-parecen-de-lujo-estilizan-la-pierna-y-subiran-el-nivel-de-tus-looks\/","title":{"rendered":"De la pasarela a la oficina: las bailarinas con tiras son los zapatos planos que parecen de lujo, estilizan la pierna y subir\u00e1n el nivel de tus looks"},"content":{"rendered":"<p><!-- AUTHOR --><!-- COMPONENTS --><\/p>\n<p class=\"voc-paragraph\">Vale que <a data-voc-vtm-id=\"in-text-traffic\" href=\"https:\/\/www.mujerhoy.com\/moda\/no-te-pierdas\/letizia-ortiz-reina-espana-zapatos-tacon-comodo-made-in-spain-favorecen-estilizan-blusa-romantica-uterque-20210930131440-nt.html\">los de la Reina Letizia de tac\u00f3n c\u00f3modo <\/a>est\u00e1n causando furor, pero si lo tuyo son los planos, atenta porque esta opci\u00f3n que hemos fichado en las pasarelas te va a encantar. Ha sido en <a data-voc-vtm-id=\"in-text-traffic\" href=\"https:\/\/www.mujerhoy.com\/moda\/pasarelas\/semana-moda-paris-primavera-verano-2022-septiembre-desfiles-dior-chanel-balmain-isabel-marant-balenciaga-hermes-nina-riccilanvin-chloe-valentino-20210928175110-ga.html\">la Semana de la Moda de Par\u00eds <\/a>y, en concreto, en la <strong>propuesta de Dior<\/strong> donde hemos dado con un tipo de <strong>zapatos planos c\u00f3modos <\/strong>que nos han encantado por el <strong>dise\u00f1o original<\/strong>, por lo mucho que estilizan la pierna y porque <strong>tenemos una opci\u00f3n low cost <\/strong>que imita a esta de lujo que te va a enamorar.\n<\/p>\n<div class=\"voc-detail__cmp\">\n<div class=\"voc-article-container\">\n<article class=\"voc-article voc-article--cmp-photo-text\">\n<div class=\"voc-img-container\"><picture>\n<div class=\"voc-horizontal voc-img-icon-link\"><img class=\"lazy\" loading=\"lazy\" data-original=\"\/\/static1.mujerhoy.com\/www\/multimedia\/202110\/02\/media\/cortadas\/zapatos-desfile-dior-kJLH--624x624@MujerHoy.jpg\" alt><\/div>\n<\/picture>\n<p class=\"figure-caption \"><span class=\"voc-photo-author\"> imaxtree <\/span><\/p>\n<\/div>\n<\/article>\n<\/div>\n<\/div>\n<p class=\"voc-paragraph\">Maria Grazia Chiuri ha acompa\u00f1ado su propuesta para la pr\u00f3xima temporada de unas bailarinas en <strong>diferentes versiones, estilos y colores <\/strong>que ten\u00edan un denominador com\u00fan: las tiras o cordones enrolladas al tobillo o la pierna. Un<br \/>\n<strong> modelo de zapatos c\u00f3modos <\/strong>que tiene todas las papeletas para ser s\u00faper tendencia y que desde la redacci\u00f3n de mujerhoy.com ya hemos fichado para que puedas adelantarte a esta moda y triunfar.\n<\/p>\n<div class=\"voc-detail__cmp\">\n<div class=\"voc-photo-combo-three fw-xs\">\n<p class=\"figure-caption\"><span class=\"voc-photo-caption\"><\/span><span class=\"voc-photo-author\">bobo&#8217;s \/ asos<\/span><\/p>\n<\/div>\n<\/div>\n<p class=\"voc-paragraph\">En <strong>Bobo&#8217;s<\/strong>, una firma espa\u00f1ola que tiene a las bailarinas como insignia de la marca puedes encontrar varios<br \/>\n<strong> modelos con tiras o cuerdas atadas al tobillo<\/strong>. Son dise\u00f1os que se realizan a mano en Espa\u00f1a con un trabajo artesanal con personalidad propia y utilizamos materiales de gran calidad. El primer modelo es uno de<br \/>\n<strong> punta triangular en color negro (130 euros)<\/strong> -aunque est\u00e1 disponible en otros tonos y materiales- que lleva tiras cruzadas en el empeine y que acaban enrolladas en la pierna.\n<\/p>\n<p class=\"voc-paragraph\">Por otro lado, la firma tiene a la venta un modelo<br \/>\n<strong> con cuerdas y punta redonda (105 euros) <\/strong>que est\u00e1 disponible en tonos neutros s\u00faper ponibles y que pegan con todo. Por \u00faltimo, si lo tuyo es el color y prefieres este tipo de calzado para primavera, te proponemos el dise\u00f1o satinado y en color verde que hay a al venta en <strong>Asos (27,99 euros)<\/strong>. Y, \u00bfpor qu\u00e9 gustan tanto? Porque adem\u00e1s de quedar de maravilla y ser originales y diferentes, crean un <strong>efecto \u00f3ptico s\u00faper est\u00e9tico que afina y alarga la pierna<\/strong>. \u00a1Lo m\u00e1s!\n<\/p>\n<div class=\"voc-detail__cmp voc-detail__cmp--pad-lr voc-detail__cmp--pad-lr--bdr\">\n<div class=\"voc-ficha-detail__wrapper\">\n<section class=\"voc-ficha-detail\">\n<h4 class=\"voc-ficha-detail-title voc-title-section\">te recomendamos<\/h4>\n<\/section>\n<\/div>\n<\/div>\n<p><!-- TOPICS --><\/p>\n","protected":false},"excerpt":{"rendered":"<p>Vale que los de la Reina Letizia de tac\u00f3n c\u00f3modo est\u00e1n causando furor, pero si lo tuyo son los planos, atenta porque esta opci\u00f3n que hemos fichado en las pasarelas te va a encantar. Ha sido en la Semana de la Moda de Par\u00eds y, en concreto, en la propuesta de Dior donde hemos dado [&hellip;]<\/p>\n","protected":false},"author":1,"featured_media":30305,"comment_status":"closed","ping_status":"closed","sticky":false,"template":"","format":"standard","meta":[],"categories":[1],"tags":[],"_links":{"self":[{"href":"http:\/\/hoycordobaweb.com\/index.php\/wp-json\/wp\/v2\/posts\/30304"}],"collection":[{"href":"http:\/\/hoycordobaweb.com\/index.php\/wp-json\/wp\/v2\/posts"}],"about":[{"href":"http:\/\/hoycordobaweb.com\/index.php\/wp-json\/wp\/v2\/types\/post"}],"author":[{"embeddable":true,"href":"http:\/\/hoycordobaweb.com\/index.php\/wp-json\/wp\/v2\/users\/1"}],"replies":[{"embeddable":true,"href":"http:\/\/hoycordobaweb.com\/index.php\/wp-json\/wp\/v2\/comments?post=30304"}],"version-history":[{"count":0,"href":"http:\/\/hoycordobaweb.com\/index.php\/wp-json\/wp\/v2\/posts\/30304\/revisions"}],"wp:featuredmedia":[{"embeddable":true,"href":"http:\/\/hoycordobaweb.com\/index.php\/wp-json\/wp\/v2\/media\/30305"}],"wp:attachment":[{"href":"http:\/\/hoycordobaweb.com\/index.php\/wp-json\/wp\/v2\/media?parent=30304"}],"wp:term":[{"taxonomy":"category","embeddable":true,"href":"http:\/\/hoycordobaweb.com\/index.php\/wp-json\/wp\/v2\/categories?post=30304"},{"taxonomy":"post_tag","embeddable":true,"href":"http:\/\/hoycordobaweb.com\/index.php\/wp-json\/wp\/v2\/tags?post=30304"}],"curies":[{"name":"wp","href":"https:\/\/api.w.org\/{rel}","templated":true}]}}