{"id":30209,"date":"2021-09-27T16:25:19","date_gmt":"2021-09-27T16:25:19","guid":{"rendered":"http:\/\/fono.fcm.unc.edu.ar\/?p=7319"},"modified":"2021-09-27T16:25:19","modified_gmt":"2021-09-27T16:25:19","slug":"migracion-guarani-a-nueva-version-3-19-1","status":"publish","type":"post","link":"http:\/\/hoycordobaweb.com\/index.php\/2021\/09\/27\/migracion-guarani-a-nueva-version-3-19-1\/","title":{"rendered":"Migraci\u00f3n Guaran\u00ed a nueva versi\u00f3n 3.19.1."},"content":{"rendered":"<h2 class=\"fusion-post-title\">Migraci\u00f3n Guaran\u00ed a nueva versi\u00f3n 3.19.1.<\/h2>\n<div class=\"post-content\" readability=\"34.068210262829\">\n<p><img loading=\"lazy\" class=\"alignright wp-image-5824 size-fusion-400\" src=\"https:\/\/fono.fcm.unc.edu.ar\/wp-content\/uploads\/sites\/14\/2021\/03\/guaranimantenimiento-400x168.jpg\" alt width=\"400\" height=\"168\" srcset=\"https:\/\/fono.fcm.unc.edu.ar\/wp-content\/uploads\/sites\/14\/2021\/03\/guaranimantenimiento-200x84.jpg 200w, https:\/\/fono.fcm.unc.edu.ar\/wp-content\/uploads\/sites\/14\/2021\/03\/guaranimantenimiento-300x126.jpg 300w, https:\/\/fono.fcm.unc.edu.ar\/wp-content\/uploads\/sites\/14\/2021\/03\/guaranimantenimiento-400x168.jpg 400w, https:\/\/fono.fcm.unc.edu.ar\/wp-content\/uploads\/sites\/14\/2021\/03\/guaranimantenimiento-600x253.jpg 600w, https:\/\/fono.fcm.unc.edu.ar\/wp-content\/uploads\/sites\/14\/2021\/03\/guaranimantenimiento-768x323.jpg 768w, https:\/\/fono.fcm.unc.edu.ar\/wp-content\/uploads\/sites\/14\/2021\/03\/guaranimantenimiento-800x337.jpg 800w, https:\/\/fono.fcm.unc.edu.ar\/wp-content\/uploads\/sites\/14\/2021\/03\/guaranimantenimiento-1024x431.jpg 1024w, https:\/\/fono.fcm.unc.edu.ar\/wp-content\/uploads\/sites\/14\/2021\/03\/guaranimantenimiento-1200x505.jpg 1200w, https:\/\/fono.fcm.unc.edu.ar\/wp-content\/uploads\/sites\/14\/2021\/03\/guaranimantenimiento.jpg 1413w\" sizes=\"(max-width: 400px) 100vw, 400px\">Compartimos informaci\u00f3n del&nbsp; Equipo Central Guaran\u00ed Prosecretar\u00eda de Inform\u00e1tica Universidad Nacional de C\u00f3rdoba.<\/p>\n<div readability=\"17.734904270987\">\n<p>Se informa que el Sistema Guaran\u00ed no estar\u00e1 disponible&nbsp; <b>los d\u00edas 3 y 4 de octubre<\/b>&nbsp;debido a la implementaci\u00f3n de la versi\u00f3n 3.19.1.<\/p>\n<div readability=\"9\">\n<p>Se sugiere tener en cuenta las actividades diarias (inscripciones, actas) que se llevan a cabo en las \u00e1reas afectadas para que el funcionamiento no se vea resentido.<\/p>\n<\/div>\n<div readability=\"10.66049382716\">Las principales novedades de la nueva versi\u00f3n las podr\u00e1n ver&nbsp;<a href=\"https:\/\/servicios.siu.edu.ar\/?ai=servicios%7C%7C31000001&amp;tcm=previsualizacion&amp;tm=1&amp;cod_proyecto=448\" target=\"_blank\" rel=\"noopener noreferrer\" data-saferedirecturl=\"https:\/\/www.google.com\/url?q=https:\/\/servicios.siu.edu.ar\/?ai%3Dservicios%257C%257C31000001%26tcm%3Dprevisualizacion%26tm%3D1%26cod_proyecto%3D448&amp;source=gmail&amp;ust=1632842731106000&amp;usg=AFQjCNHkklauvj3_nMLjjHApFIDC9j5NVA\">aqu\u00ed<\/a>.&nbsp; Las versiones que se incluyen en esta actualizaci\u00f3n son 3.18.0, 3.18.1, 3.19.0 y 3.19.1.<\/div>\n<div readability=\"14.644549763033\">Tambi\u00e9n se actualizar\u00e1 la versi\u00f3n del sistema Kolla a la versi\u00f3n 4.5.1. Las mejoras las podr\u00e1n ver&nbsp;<a href=\"https:\/\/documentacion.siu.edu.ar\/wiki\/SIU-Kolla\/cambios_por_version\" target=\"_blank\" rel=\"noopener noreferrer\" data-saferedirecturl=\"https:\/\/www.google.com\/url?q=https:\/\/documentacion.siu.edu.ar\/wiki\/SIU-Kolla\/cambios_por_version&amp;source=gmail&amp;ust=1632842731106000&amp;usg=AFQjCNF4I980ahU0r9vBrXoVLFg9LVUzHw\">aqu\u00ed<\/a>. Las versiones que se incluyen en esta actualizaci\u00f3n son 4.3.1, 4.3.2, 4.4.0, 4.4.1, 4.5.0 y 4.5.1.<\/div><\/div><\/div>\n","protected":false},"excerpt":{"rendered":"<p>Migraci\u00f3n Guaran\u00ed a nueva versi\u00f3n 3.19.1. Compartimos informaci\u00f3n del&nbsp; Equipo Central Guaran\u00ed Prosecretar\u00eda de Inform\u00e1tica Universidad Nacional de C\u00f3rdoba. Se informa que el Sistema Guaran\u00ed no estar\u00e1 disponible&nbsp; los d\u00edas 3 y 4 de octubre&nbsp;debido a la implementaci\u00f3n de la versi\u00f3n 3.19.1. Se sugiere tener en cuenta las actividades diarias (inscripciones, actas) que se llevan [&hellip;]<\/p>\n","protected":false},"author":1,"featured_media":0,"comment_status":"closed","ping_status":"closed","sticky":false,"template":"","format":"standard","meta":[],"categories":[1],"tags":[],"_links":{"self":[{"href":"http:\/\/hoycordobaweb.com\/index.php\/wp-json\/wp\/v2\/posts\/30209"}],"collection":[{"href":"http:\/\/hoycordobaweb.com\/index.php\/wp-json\/wp\/v2\/posts"}],"about":[{"href":"http:\/\/hoycordobaweb.com\/index.php\/wp-json\/wp\/v2\/types\/post"}],"author":[{"embeddable":true,"href":"http:\/\/hoycordobaweb.com\/index.php\/wp-json\/wp\/v2\/users\/1"}],"replies":[{"embeddable":true,"href":"http:\/\/hoycordobaweb.com\/index.php\/wp-json\/wp\/v2\/comments?post=30209"}],"version-history":[{"count":0,"href":"http:\/\/hoycordobaweb.com\/index.php\/wp-json\/wp\/v2\/posts\/30209\/revisions"}],"wp:attachment":[{"href":"http:\/\/hoycordobaweb.com\/index.php\/wp-json\/wp\/v2\/media?parent=30209"}],"wp:term":[{"taxonomy":"category","embeddable":true,"href":"http:\/\/hoycordobaweb.com\/index.php\/wp-json\/wp\/v2\/categories?post=30209"},{"taxonomy":"post_tag","embeddable":true,"href":"http:\/\/hoycordobaweb.com\/index.php\/wp-json\/wp\/v2\/tags?post=30209"}],"curies":[{"name":"wp","href":"https:\/\/api.w.org\/{rel}","templated":true}]}}