{"id":30204,"date":"2021-09-30T03:10:00","date_gmt":"2021-09-30T03:10:00","guid":{"rendered":"http:\/\/hoycordobaweb.com\/index.php\/2021\/09\/30\/un-ano-sin-quino-el-papa-de-la-entranable-mafalda\/"},"modified":"2021-09-30T03:10:00","modified_gmt":"2021-09-30T03:10:00","slug":"un-ano-sin-quino-el-papa-de-la-entranable-mafalda","status":"publish","type":"post","link":"http:\/\/hoycordobaweb.com\/index.php\/2021\/09\/30\/un-ano-sin-quino-el-papa-de-la-entranable-mafalda\/","title":{"rendered":"Un a\u00f1o sin Quino, el pap\u00e1 de la entra\u00f1able Mafalda"},"content":{"rendered":"<p><img src=\"http:\/\/hoycordobaweb.com\/wp-content\/uploads\/2021\/09\/un-ano-sin-quino-el-papa-de-la-entranable-mafalda.jpg\"><\/p>\n<div class=\"image\" id=\"image\" readability=\"7\"> <img src=\"http:\/\/hoycordobaweb.com\/wp-content\/uploads\/2021\/09\/un-ano-sin-quino-el-papa-de-la-entranable-mafalda-2.jpg\" alt=\"Quino junto a una imagen de Mafalda ubicada en el barrio de San Telmo. \" title=\"Quino junto a una imagen de Mafalda ubicada en el barrio de San Telmo. \"><\/p>\n<p>Quino junto a una imagen de Mafalda ubicada en el barrio de San Telmo. <\/p>\n<\/div>\n<p>Joaqu\u00edn Salvador Lavado Tej\u00f3n, m\u00e1s conocido por su apodo, \u201cQuino\u201d, que acu\u00f1\u00f3 su familia para diferenciarlo de un t\u00edo del mismo nombre <strong>falleci\u00f3 el 30 de septiembre de 2020,<\/strong> varios d\u00edas despu\u00e9s de sufrir un ACV. El d\u00eda anterior, su criatura m\u00e1s famosa, la contestataria Mafalda hab\u00eda cumplido 56 a\u00f1os.<\/p>\n<p>Quino <strong>hab\u00eda nacido en la ciudad de Guaymall\u00e9n, en la provincia de Mendoza, el 17 de julio de 1932<\/strong>, pero fue anotado exactamente un mes despu\u00e9s. Alguna vez cont\u00f3 que su vocaci\u00f3n fue mucho m\u00e1s que temprana: \u201cA los 3 a\u00f1os yo ya quer\u00eda ser dibujante. No ten\u00eda claro de qu\u00e9, reci\u00e9n a los 14 lo decid\u00ed y cuatro a\u00f1os m\u00e1s tarde, vine a Buenos Aires y empec\u00e9 a recorrer las revistas\u201d.<\/p>\n<p> <iframe width=\"560\" height=\"315\" src=\"https:\/\/www.youtube.com\/embed\/77TWhu_uyPA?wmode=transparent&amp;showinfo=0&amp;autohide=1&amp;rel=0\" frameborder=\"0\" allowfullscreen>[embedded content]<\/iframe> <\/p>\n<p>Un video de despedida de Quino que hizo T\u00e9lam<\/p>\n<p>En su adolescencia pas\u00f3 por la Escuela de Bellas Artes, pero la abandon\u00f3 \u201ccansado de dibujar \u00e1nforas y yesos\u201d y aquella decisi\u00f3n lo ayud\u00f3 a definirse por el humor gr\u00e1fico. <strong>&nbsp;\u201cEs lo \u00fanico que s\u00e9 hacer, lo \u00fanico que me ha atra\u00eddo en la vida\u201d,<\/strong> confes\u00f3 en reiteradas ocasiones.<\/p>\n<p>Reci\u00e9n tres a\u00f1os despu\u00e9s de su llegada a Buenos Aires logr\u00f3 vender algunos de sus dibujos. \u201cEl d\u00eda que publiqu\u00e9 mi primera p\u00e1gina \u2013 dijo recordando su debut en el semanario Esto es, de Buenos Aires \u2013 pas\u00e9 el momento m\u00e1s feliz de mi vida\u201d.<\/p>\n<p>En 1960 se cas\u00f3 con Alicia Colombo y en 1963, logr\u00f3 publicar su primer libro de humor, \u201cMundo Quino\u201d, una recopilaci\u00f3n de dibujos de humor gr\u00e1fico mudo con pr\u00f3logo de Miguel Brasc\u00f3. Por la misma \u00e9poca Quino imagin\u00f3 a una nena de clase media para publicitar una nueva l\u00ednea de electrodom\u00e9sticos llamados Mansfield. Por eso bautiz\u00f3 a su personaje con un nombre que ten\u00eda ecos de la marca: Mafalda.<\/p>\n<p>La campa\u00f1a no se concret\u00f3 pero con unas cuantas historietas acopiadas, Quino decidi\u00f3 darle vida a la historia de la nena de melena negra, enemiga ac\u00e9rrima de la sopa.<\/p>\n<p>La presentaci\u00f3n en sociedad de Mafalda <strong>fue el 29 de septiembre 1964 en las p\u00e1ginas del semanario Primera Plana<\/strong> de Buenos Aires. El personaje y su familia luego se mudaron al diario El Mundo en el que el dibujante lleg\u00f3 a publicar seis tiras por semana. \u00abEs una persona que se interroga sobre el mundo y los males que no se corrigen. Hace las preguntas que me sigo haciendo ahora de adulto, yo quer\u00eda decir a trav\u00e9s de ella lo que ve\u00eda mal y hab\u00eda que corregir\u00bb, confes\u00f3 el dibujante alguna vez y apunt\u00f3 que aquella sopa que el personaje odiaba nada ten\u00eda que ver con las verduras, sino que era una met\u00e1fora sobre el militarismo y la imposici\u00f3n pol\u00edtica.<\/p>\n<div class=\"image\" id=\"image\" readability=\"7\"> <img src=\"http:\/\/hoycordobaweb.com\/wp-content\/uploads\/2021\/09\/un-ano-sin-quino-el-papa-de-la-entranable-mafalda-3.jpg\" alt=\"Un autorretrato de Quino. \" title=\"Un autorretrato de Quino. \"><\/p>\n<p>Un autorretrato de Quino. <\/p>\n<\/div>\n<p>Los razonamientos de aquella infante rebelde, cr\u00edtica del mundo adulto, del capitalismo y los desmanejos de la pol\u00edtica internacional pronto sorprendieron a toda Am\u00e9rica Latina y tambi\u00e9n viajaron a Europa. El primer libro de recopilaci\u00f3n del personaje agot\u00f3 5.000 ejemplares en dos d\u00edas en la Argentina. <strong>En 1969 se public\u00f3 en Italia \u201cMafalda la Contestataria\u201d, presentada por el semi\u00f3logo Umberto Eco,<\/strong> quien argumenta en favor de sustantivo que acompa\u00f1a al nombre del personaje: &nbsp;\u201cSi al tratar de definirla se ha usado el adjetivo \u00abcontestataria\u00bb, no ha sido por uniformarse a la moda del anticonformismo a toda costa: Mafalda es de verdad una hero\u00edna iracunda que rechaza al mundo tal cual es\u201d. La tira fue traducida a 30 idiomas y lleva vendidos, solo&nbsp; en la Argentina, m\u00e1s de 20 millones de ejemplares.<\/p>\n<p> <iframe width=\"560\" height=\"315\" src=\"https:\/\/www.youtube.com\/embed\/tJ6tHdww1dk?wmode=transparent&amp;showinfo=0&amp;autohide=1&amp;rel=0\" frameborder=\"0\" allowfullscreen>[embedded content]<\/iframe> <\/p>\n<p>Los epidosios animados de Mafalda, producidos en 1993.<\/p>\n<p>En 1993 Mafalda se convirti\u00f3 en la protagonista de dibujos animados en 104 episodios de un minuto de duraci\u00f3n, dirigidos por el cubano Juan Padr\u00f3n, amigo personal de Quino.&nbsp;&nbsp;Esta serie fue luego recopilada en un largometraje de 80&nbsp;minutos de duraci\u00f3n.<\/p>\n<p>Ese personaje y otros tantos salidos de la imaginaci\u00f3n de Quino le valieron al dibujante<strong> la Orden Oficial de la Legi\u00f3n de Honor,<\/strong> la mayor distinci\u00f3n que el gobierno franc\u00e9s le concede a un extranjero y el<strong> Premio Pr\u00edncipe de Asturias de Comunicaci\u00f3n y Humanidades<\/strong>. \u00abMafalda dir\u00eda que soy un traidor a mi personaje y\u00e9ndome a reunir con los reyes\u00bb, brome\u00f3 d\u00edas antes de recibir el premio en Espa\u00f1a.<\/p>\n<p> <iframe width=\"560\" height=\"315\" src=\"https:\/\/www.youtube.com\/embed\/dkWR5Iy3bUc?wmode=transparent&amp;showinfo=0&amp;autohide=1&amp;rel=0\" frameborder=\"0\" allowfullscreen>[embedded content]<\/iframe> <\/p>\n<p>Un programa del Canal Encuentro dedicado a Maflada y su creador. <\/p>\n<p>Sin embargo, en 1973 Quino decidi\u00f3 dejar de dibujar&nbsp; a Mafalda. \u201cEstaba cansado de hacer siempre lo mismo. La decisi\u00f3n pas\u00f3 hasta por zonas conyugales, porque mi mujer estaba podrida de no saber si pod\u00edamos ir al cine, invitar gente a cenar o qu\u00e9 s\u00e9 yo, porque yo estaba hasta las 10 de la noche con las tiras.. Me pareci\u00f3 un buen momento y no me imagin\u00e9 que tantos a\u00f1os despu\u00e9s fuera a seguir vigente\u201d, confes\u00f3 en una autoentrevista que public\u00f3 en su p\u00e1gina web, cansado de o\u00edr esa pregunta una y mil veces.<\/p>\n<p>Tras su muerte en plena pandemia, los fan\u00e1ticos de sus trazos agotaron muchos de sus t\u00edtulos en las librer\u00edas porte\u00f1as. El primero fue \u201cTodo Mafalda\u201d, que desde entonces tuvo dos reimpresiones. Un milagro editorial que hubiese divertido a la nena rebelde y a su creador.&nbsp; &nbsp; <\/p>\n","protected":false},"excerpt":{"rendered":"<p>Quino junto a una imagen de Mafalda ubicada en el barrio de San Telmo. Joaqu\u00edn Salvador Lavado Tej\u00f3n, m\u00e1s conocido por su apodo, \u201cQuino\u201d, que acu\u00f1\u00f3 su familia para diferenciarlo de un t\u00edo del mismo nombre falleci\u00f3 el 30 de septiembre de 2020, varios d\u00edas despu\u00e9s de sufrir un ACV. El d\u00eda anterior, su criatura [&hellip;]<\/p>\n","protected":false},"author":1,"featured_media":30205,"comment_status":"open","ping_status":"closed","sticky":false,"template":"","format":"standard","meta":[],"categories":[19],"tags":[],"_links":{"self":[{"href":"http:\/\/hoycordobaweb.com\/index.php\/wp-json\/wp\/v2\/posts\/30204"}],"collection":[{"href":"http:\/\/hoycordobaweb.com\/index.php\/wp-json\/wp\/v2\/posts"}],"about":[{"href":"http:\/\/hoycordobaweb.com\/index.php\/wp-json\/wp\/v2\/types\/post"}],"author":[{"embeddable":true,"href":"http:\/\/hoycordobaweb.com\/index.php\/wp-json\/wp\/v2\/users\/1"}],"replies":[{"embeddable":true,"href":"http:\/\/hoycordobaweb.com\/index.php\/wp-json\/wp\/v2\/comments?post=30204"}],"version-history":[{"count":0,"href":"http:\/\/hoycordobaweb.com\/index.php\/wp-json\/wp\/v2\/posts\/30204\/revisions"}],"wp:featuredmedia":[{"embeddable":true,"href":"http:\/\/hoycordobaweb.com\/index.php\/wp-json\/wp\/v2\/media\/30205"}],"wp:attachment":[{"href":"http:\/\/hoycordobaweb.com\/index.php\/wp-json\/wp\/v2\/media?parent=30204"}],"wp:term":[{"taxonomy":"category","embeddable":true,"href":"http:\/\/hoycordobaweb.com\/index.php\/wp-json\/wp\/v2\/categories?post=30204"},{"taxonomy":"post_tag","embeddable":true,"href":"http:\/\/hoycordobaweb.com\/index.php\/wp-json\/wp\/v2\/tags?post=30204"}],"curies":[{"name":"wp","href":"https:\/\/api.w.org\/{rel}","templated":true}]}}