{"id":30167,"date":"2021-09-29T18:40:03","date_gmt":"2021-09-29T18:40:03","guid":{"rendered":"http:\/\/ladecimaweb.com\/?p=11328"},"modified":"2021-09-29T18:40:03","modified_gmt":"2021-09-29T18:40:03","slug":"dia-mundial-de-la-rabia-la-clave-es-la-vacunacion-oportuna","status":"publish","type":"post","link":"http:\/\/hoycordobaweb.com\/index.php\/2021\/09\/29\/dia-mundial-de-la-rabia-la-clave-es-la-vacunacion-oportuna\/","title":{"rendered":"D\u00eda Mundial de la Rabia: la clave es la vacunaci\u00f3n oportuna"},"content":{"rendered":"<p><em>(Prensa de gobierno)<\/em> El 28 de septiembre es el <strong>D\u00eda Mundial de la Rabia<\/strong>, en conmemoraci\u00f3n del fallecimiento de Louis Pasteur, quien cre\u00f3 vacuna contra esta enfermedad. Esta fecha, constituye una oportunidad para sensibilizar sobre la importancia de adoptar medidas de prevenci\u00f3n y reflexionar sobre la tenencia responsable de animales.<\/p>\n<p>La\u00a0<strong>rabia<\/strong>\u00a0es una\u00a0<strong>enfermedad producida por un virus<\/strong>\u00a0<strong>que afecta al sistema nervioso central\u00a0<\/strong>de los mam\u00edferos, incluidas las personas. No tiene cura y\u00a0<strong>el tratamiento solo es eficaz si se aplica antes del inicio de los s\u00edntomas<\/strong>. Por eso,\u00a0<strong>es fundamental la prevenci\u00f3n<\/strong>.<\/p>\n<p>En nuestro pa\u00eds, la v\u00eda principal de transmisi\u00f3n son los perros, pero tambi\u00e9n pueden transmitirla los gatos y algunos animales silvestres como los murci\u00e9lagos. El virus est\u00e1 presente en la saliva de los animales infectados, que contagian al morder, lamer o rasgu\u00f1ar.<\/p>\n<p><strong>Ante mordeduras<\/strong>\u00a0de cualquier especie animal se sugiere la limpieza a fondo y el\u00a0<strong>tratamiento local de la herida o ara\u00f1azo tan pronto como sea posible<\/strong>\u00a0despu\u00e9s de la exposici\u00f3n. La herida se debe\u00a0<strong>lavar durante un m\u00ednimo de 15 minutos con agua y jab\u00f3n, y no demorar la consulta m\u00e9dica.<\/strong><\/p>\n<p><strong>La principal medida de prevenci\u00f3n es colocar la vacuna antirr\u00e1bica a perros y gatos<\/strong>. Esta debe aplicarse por primera vez a los tres meses de edad, y luego renovar cada a\u00f1o.<\/p>\n<p>En este sentido, el Instituto de Zoonosis de la Provincia ofrece la vacunaci\u00f3n gratuita en su sede, ubicada en barrio C\u00e1ceres la ciudad de C\u00f3rdoba, en la calle Santiago C\u00e1ceres 1885. Se atiende por orden de llegada, de lunes a viernes, de 8 a 15 y los s\u00e1bados, 8 a 13. Otra opci\u00f3n es asistir a las jornadas de vacunaci\u00f3n organizadas por los municipios.<\/p>\n<p><strong>C\u00f3mo detectar los s\u00edntomas<\/strong><\/p>\n<p>Otra acci\u00f3n fundamental es\u00a0<strong>evitar el contacto con animales que presenten s\u00edntomas\u00a0<\/strong>compatibles con esta enfermedad, sean propios, ajenos o callejeros; y con murci\u00e9lagos, sobre todo si se los encuentra ca\u00eddos o moribundos.<\/p>\n<p>En\u00a0<strong>perros y gatos<\/strong>, la rabia provoca cambios de comportamiento, agresividad, salivaci\u00f3n excesiva, imposibilidad de tragar o de beber, pupilas dilatadas, convulsiones, par\u00e1lisis progresiva, y finalmente la muerte.<\/p>\n<p>En tanto, los\u00a0<strong>murci\u00e9lagos<\/strong>\u00a0infectados con este virus tienen cambios en sus h\u00e1bitos, ya que presentan actividad durante el d\u00eda y dificultad para volar. Se los puede encontrar en el piso, moribundos.<\/p>\n<p>En las\u00a0<strong>personas<\/strong>, los principales s\u00edntomas son fiebre, inquietud, dificultad para tragar, depresi\u00f3n, dolor de cabeza y, en ocasiones, irritaci\u00f3n y dolor en el sitio de la mordedura o ara\u00f1azo. Una vez que los s\u00edntomas se manifiestan, la rabia no tiene cura, por lo que\u00a0<strong>cobra importancia su prevenci\u00f3n y la b\u00fasqueda de asistencia m\u00e9dica inmediata\u00a0<\/strong>en caso de haber sido mordido, ara\u00f1ado o lamido por un animal posiblemente infectado.<\/p>\n<div class=\"ubm_banner\"><a href=\"https:\/\/youtu.be\/YAnjWjTh-xE\" target=\"_blank\" rel=\"dofollow noopener noreferrer\"><img src=\"http:\/\/hoycordobaweb.com\/wp-content\/uploads\/2021\/09\/dia-mundial-de-la-rabia-la-clave-es-la-vacunacion-oportuna.gif\" alt=\"\"><\/a><\/div>\n<p>La entrada <a rel=\"nofollow\" href=\"https:\/\/ladecimaweb.com\/dia-mundial-de-la-rabia-la-clave-es-la-vacunacion-oportuna\/\">D\u00eda Mundial de la Rabia: la clave es la vacunaci\u00f3n oportuna<\/a> se public\u00f3 primero en <a rel=\"nofollow\" href=\"https:\/\/ladecimaweb.com\">LaDecima<\/a>.<\/p>\n","protected":false},"excerpt":{"rendered":"<p>(Prensa de gobierno) El 28 de septiembre es el D\u00eda Mundial de la Rabia, en conmemoraci\u00f3n del fallecimiento de Louis Pasteur, quien cre\u00f3 vacuna contra esta enfermedad. Esta fecha, constituye una oportunidad para sensibilizar sobre la importancia de adoptar medidas de prevenci\u00f3n y reflexionar sobre la tenencia responsable de animales. La\u00a0rabia\u00a0es una\u00a0enfermedad producida por un [&hellip;]<\/p>\n","protected":false},"author":1,"featured_media":30168,"comment_status":"closed","ping_status":"closed","sticky":false,"template":"","format":"standard","meta":[],"categories":[19],"tags":[],"_links":{"self":[{"href":"http:\/\/hoycordobaweb.com\/index.php\/wp-json\/wp\/v2\/posts\/30167"}],"collection":[{"href":"http:\/\/hoycordobaweb.com\/index.php\/wp-json\/wp\/v2\/posts"}],"about":[{"href":"http:\/\/hoycordobaweb.com\/index.php\/wp-json\/wp\/v2\/types\/post"}],"author":[{"embeddable":true,"href":"http:\/\/hoycordobaweb.com\/index.php\/wp-json\/wp\/v2\/users\/1"}],"replies":[{"embeddable":true,"href":"http:\/\/hoycordobaweb.com\/index.php\/wp-json\/wp\/v2\/comments?post=30167"}],"version-history":[{"count":0,"href":"http:\/\/hoycordobaweb.com\/index.php\/wp-json\/wp\/v2\/posts\/30167\/revisions"}],"wp:featuredmedia":[{"embeddable":true,"href":"http:\/\/hoycordobaweb.com\/index.php\/wp-json\/wp\/v2\/media\/30168"}],"wp:attachment":[{"href":"http:\/\/hoycordobaweb.com\/index.php\/wp-json\/wp\/v2\/media?parent=30167"}],"wp:term":[{"taxonomy":"category","embeddable":true,"href":"http:\/\/hoycordobaweb.com\/index.php\/wp-json\/wp\/v2\/categories?post=30167"},{"taxonomy":"post_tag","embeddable":true,"href":"http:\/\/hoycordobaweb.com\/index.php\/wp-json\/wp\/v2\/tags?post=30167"}],"curies":[{"name":"wp","href":"https:\/\/api.w.org\/{rel}","templated":true}]}}