{"id":30154,"date":"2021-09-29T19:48:00","date_gmt":"2021-09-29T19:48:00","guid":{"rendered":"https:\/\/fm-comunicar.com.ar\/contenido\/18256\/la-ruta-9-sera-sobreelevada-en-el-cruce-con-av-san-martin"},"modified":"2021-09-29T19:48:00","modified_gmt":"2021-09-29T19:48:00","slug":"la-ruta-9-sera-sobreelevada-en-el-cruce-con-av-san-martin","status":"publish","type":"post","link":"http:\/\/hoycordobaweb.com\/index.php\/2021\/09\/29\/la-ruta-9-sera-sobreelevada-en-el-cruce-con-av-san-martin\/","title":{"rendered":"La Ruta 9 ser\u00e1 sobreelevada en el cruce con Av. San Mart\u00edn"},"content":{"rendered":"<p>El dise\u00f1o se terminar\u00e1 en pocas semanas y antes de fin de a\u00f1o se licitar\u00e1. El Director de Vialidad Provincial neg\u00f3 que hayan existido proyectos para el tramo urbano de la ruta en Jes\u00fas Mar\u00eda.<img src=\"http:\/\/hoycordobaweb.com\/wp-content\/uploads\/2021\/09\/la-ruta-9-sera-sobreelevada-en-el-cruce-con-av-san-martin.jpg\"><\/p>\n","protected":false},"excerpt":{"rendered":"<p>El dise\u00f1o se terminar\u00e1 en pocas semanas y antes de fin de a\u00f1o se licitar\u00e1. El Director de Vialidad Provincial neg\u00f3 que hayan existido proyectos para el tramo urbano de la ruta en Jes\u00fas Mar\u00eda.<\/p>\n","protected":false},"author":1,"featured_media":30155,"comment_status":"closed","ping_status":"closed","sticky":false,"template":"","format":"standard","meta":[],"categories":[18],"tags":[],"_links":{"self":[{"href":"http:\/\/hoycordobaweb.com\/index.php\/wp-json\/wp\/v2\/posts\/30154"}],"collection":[{"href":"http:\/\/hoycordobaweb.com\/index.php\/wp-json\/wp\/v2\/posts"}],"about":[{"href":"http:\/\/hoycordobaweb.com\/index.php\/wp-json\/wp\/v2\/types\/post"}],"author":[{"embeddable":true,"href":"http:\/\/hoycordobaweb.com\/index.php\/wp-json\/wp\/v2\/users\/1"}],"replies":[{"embeddable":true,"href":"http:\/\/hoycordobaweb.com\/index.php\/wp-json\/wp\/v2\/comments?post=30154"}],"version-history":[{"count":0,"href":"http:\/\/hoycordobaweb.com\/index.php\/wp-json\/wp\/v2\/posts\/30154\/revisions"}],"wp:featuredmedia":[{"embeddable":true,"href":"http:\/\/hoycordobaweb.com\/index.php\/wp-json\/wp\/v2\/media\/30155"}],"wp:attachment":[{"href":"http:\/\/hoycordobaweb.com\/index.php\/wp-json\/wp\/v2\/media?parent=30154"}],"wp:term":[{"taxonomy":"category","embeddable":true,"href":"http:\/\/hoycordobaweb.com\/index.php\/wp-json\/wp\/v2\/categories?post=30154"},{"taxonomy":"post_tag","embeddable":true,"href":"http:\/\/hoycordobaweb.com\/index.php\/wp-json\/wp\/v2\/tags?post=30154"}],"curies":[{"name":"wp","href":"https:\/\/api.w.org\/{rel}","templated":true}]}}