{"id":30109,"date":"2021-09-28T22:03:47","date_gmt":"2021-09-28T22:03:47","guid":{"rendered":"http:\/\/ladecimaweb.com\/?p=11306"},"modified":"2021-09-28T22:03:47","modified_gmt":"2021-09-28T22:03:47","slug":"comenzo-la-vacunacion-a-adolescentes-de-16-anos-sin-comorbilidades","status":"publish","type":"post","link":"http:\/\/hoycordobaweb.com\/index.php\/2021\/09\/28\/comenzo-la-vacunacion-a-adolescentes-de-16-anos-sin-comorbilidades\/","title":{"rendered":"Comenz\u00f3 la vacunaci\u00f3n a adolescentes de 16 a\u00f1os sin comorbilidades"},"content":{"rendered":"<p>El Ministerio de Salud de la Provincia informa que empez\u00f3 a vacunar a <strong>personas de 16 a\u00f1os sin comorbilidades <\/strong>registradas previamente de manera voluntaria en el sitio web <a href=\"https:\/\/vacunacioncovid19.cba.gov.ar\/\" target=\"_blank\" rel=\"noreferrer noopener\"><strong>vacunacioncovid19.cba.gov.ar<\/strong><\/a>.\u00a0Este grupo poblacional se vacuna con <strong>dosis de Moderna y Pfizer, enviadas por Naci\u00f3n.\u00a0<\/strong><\/p>\n<p>De esta manera, el\u00a0Ministerio notificar\u00e1 el d\u00eda, hora y lugar de vacunaci\u00f3n,\u00a0<strong>cuya<\/strong>\u00a0<strong>convocatoria se realiza con aquellos j\u00f3venes de 16 a\u00f1os que tengan mayor antig\u00fcedad de inscripci\u00f3n en el sitio web<\/strong>.<\/p>\n<p>La Provincia reitera que no se debe asistir a los vacunatorios sin turno, ya que las personas de este grupo etario que no lo acrediten no ser\u00e1n vacunadas.<\/p>\n<p>Asimismo, quienes deseen vacunarse y no se hayan registrado, deben hacerlo en la mencionada web y sin necesidad de contar con Ciudadano Digital (CiDi).<\/p>\n<p>Hasta el d\u00eda de la fecha, las vacunas contra Covid-19 no est\u00e1n autorizadas para aplicaci\u00f3n en personas menores de 12 a\u00f1os.<\/p>\n<p><strong>Un mill\u00f3n<\/strong><\/p>\n<p>C\u00f3rdoba Capital super\u00f3 hoy el mill\u00f3n de personas vacunadas, <a href=\"https:\/\/vacunacioncba-mapasydatos.hub.arcgis.com\/\">seg\u00fan el monitor de vacunaci\u00f3n provincial.\u00a0<\/a><\/p>\n<p>La ciudad de C\u00f3rdoba registr\u00f3 hoy 1.001.830 vacunados, de los cuales 999.592 corresponden a primeras dosis y 780.718, segundas dosis.<\/p>\n<p>De ese mill\u00f3n, 534.280 corresponden a mujeres y 467.550, a hombres.<\/p>\n<div class=\"ubm_banner\"><a href=\"https:\/\/youtu.be\/YAnjWjTh-xE\" target=\"_blank\" rel=\"dofollow noopener noreferrer\"><img src=\"http:\/\/hoycordobaweb.com\/wp-content\/uploads\/2021\/09\/comenzo-la-vacunacion-a-adolescentes-de-16-anos-sin-comorbilidades.gif\" alt=\"\"><\/a><\/div>\n<p>La entrada <a rel=\"nofollow\" href=\"https:\/\/ladecimaweb.com\/comenzo-la-vacunacion-a-adolescentes-de-16-anos-sin-comorbilidades\/\">Comenz\u00f3 la vacunaci\u00f3n a adolescentes de 16 a\u00f1os sin comorbilidades<\/a> se public\u00f3 primero en <a rel=\"nofollow\" href=\"https:\/\/ladecimaweb.com\">LaDecima<\/a>.<\/p>\n","protected":false},"excerpt":{"rendered":"<p>El Ministerio de Salud de la Provincia informa que empez\u00f3 a vacunar a personas de 16 a\u00f1os sin comorbilidades registradas previamente de manera voluntaria en el sitio web vacunacioncovid19.cba.gov.ar.\u00a0Este grupo poblacional se vacuna con dosis de Moderna y Pfizer, enviadas por Naci\u00f3n.\u00a0 De esta manera, el\u00a0Ministerio notificar\u00e1 el d\u00eda, hora y lugar de vacunaci\u00f3n,\u00a0cuya\u00a0convocatoria se [&hellip;]<\/p>\n","protected":false},"author":1,"featured_media":30110,"comment_status":"closed","ping_status":"closed","sticky":false,"template":"","format":"standard","meta":[],"categories":[19],"tags":[],"_links":{"self":[{"href":"http:\/\/hoycordobaweb.com\/index.php\/wp-json\/wp\/v2\/posts\/30109"}],"collection":[{"href":"http:\/\/hoycordobaweb.com\/index.php\/wp-json\/wp\/v2\/posts"}],"about":[{"href":"http:\/\/hoycordobaweb.com\/index.php\/wp-json\/wp\/v2\/types\/post"}],"author":[{"embeddable":true,"href":"http:\/\/hoycordobaweb.com\/index.php\/wp-json\/wp\/v2\/users\/1"}],"replies":[{"embeddable":true,"href":"http:\/\/hoycordobaweb.com\/index.php\/wp-json\/wp\/v2\/comments?post=30109"}],"version-history":[{"count":0,"href":"http:\/\/hoycordobaweb.com\/index.php\/wp-json\/wp\/v2\/posts\/30109\/revisions"}],"wp:featuredmedia":[{"embeddable":true,"href":"http:\/\/hoycordobaweb.com\/index.php\/wp-json\/wp\/v2\/media\/30110"}],"wp:attachment":[{"href":"http:\/\/hoycordobaweb.com\/index.php\/wp-json\/wp\/v2\/media?parent=30109"}],"wp:term":[{"taxonomy":"category","embeddable":true,"href":"http:\/\/hoycordobaweb.com\/index.php\/wp-json\/wp\/v2\/categories?post=30109"},{"taxonomy":"post_tag","embeddable":true,"href":"http:\/\/hoycordobaweb.com\/index.php\/wp-json\/wp\/v2\/tags?post=30109"}],"curies":[{"name":"wp","href":"https:\/\/api.w.org\/{rel}","templated":true}]}}