{"id":30098,"date":"2021-09-28T13:21:00","date_gmt":"2021-09-28T13:21:00","guid":{"rendered":"https:\/\/fm-comunicar.com.ar\/contenido\/18253\/jesus-maria-celebro-su-148o-aniversario-con-la-entrega-de-los-premios-pio-leon"},"modified":"2021-09-28T13:21:00","modified_gmt":"2021-09-28T13:21:00","slug":"jesus-maria-celebro-su-148o-aniversario-con-la-entrega-de-los-premios-pio-leon","status":"publish","type":"post","link":"http:\/\/hoycordobaweb.com\/index.php\/2021\/09\/28\/jesus-maria-celebro-su-148o-aniversario-con-la-entrega-de-los-premios-pio-leon\/","title":{"rendered":"Jes\u00fas Mar\u00eda celebr\u00f3 su 148\u00ba aniversario con la entrega de los premios P\u00edo Le\u00f3n"},"content":{"rendered":"<p>Susana Cabuchi, \u00c1lvaro Monge, Luis Brand\u00e1n, Carola Aguirre, Ariel Atama\u00f1uk, Federico Rupil y la empresa VI-BAL-SI recibieron el reconocimiento de su ciudad. La edici\u00f3n se denomin\u00f3 \u00abel reencuentro\u00bb y se realiz\u00f3 en la plaza del fundador.<img src=\"http:\/\/hoycordobaweb.com\/wp-content\/uploads\/2021\/09\/jesus-maria-celebro-su-148o-aniversario-con-la-entrega-de-los-premios-pio-leon.jpg\"><\/p>\n","protected":false},"excerpt":{"rendered":"<p>Susana Cabuchi, \u00c1lvaro Monge, Luis Brand\u00e1n, Carola Aguirre, Ariel Atama\u00f1uk, Federico Rupil y la empresa VI-BAL-SI recibieron el reconocimiento de su ciudad. La edici\u00f3n se denomin\u00f3 \u00abel reencuentro\u00bb y se realiz\u00f3 en la plaza del fundador.<\/p>\n","protected":false},"author":1,"featured_media":30099,"comment_status":"closed","ping_status":"closed","sticky":false,"template":"","format":"standard","meta":[],"categories":[18],"tags":[],"_links":{"self":[{"href":"http:\/\/hoycordobaweb.com\/index.php\/wp-json\/wp\/v2\/posts\/30098"}],"collection":[{"href":"http:\/\/hoycordobaweb.com\/index.php\/wp-json\/wp\/v2\/posts"}],"about":[{"href":"http:\/\/hoycordobaweb.com\/index.php\/wp-json\/wp\/v2\/types\/post"}],"author":[{"embeddable":true,"href":"http:\/\/hoycordobaweb.com\/index.php\/wp-json\/wp\/v2\/users\/1"}],"replies":[{"embeddable":true,"href":"http:\/\/hoycordobaweb.com\/index.php\/wp-json\/wp\/v2\/comments?post=30098"}],"version-history":[{"count":0,"href":"http:\/\/hoycordobaweb.com\/index.php\/wp-json\/wp\/v2\/posts\/30098\/revisions"}],"wp:featuredmedia":[{"embeddable":true,"href":"http:\/\/hoycordobaweb.com\/index.php\/wp-json\/wp\/v2\/media\/30099"}],"wp:attachment":[{"href":"http:\/\/hoycordobaweb.com\/index.php\/wp-json\/wp\/v2\/media?parent=30098"}],"wp:term":[{"taxonomy":"category","embeddable":true,"href":"http:\/\/hoycordobaweb.com\/index.php\/wp-json\/wp\/v2\/categories?post=30098"},{"taxonomy":"post_tag","embeddable":true,"href":"http:\/\/hoycordobaweb.com\/index.php\/wp-json\/wp\/v2\/tags?post=30098"}],"curies":[{"name":"wp","href":"https:\/\/api.w.org\/{rel}","templated":true}]}}