{"id":30033,"date":"2021-09-27T19:29:52","date_gmt":"2021-09-27T19:29:52","guid":{"rendered":"http:\/\/fono.fcm.unc.edu.ar\/?p=7321"},"modified":"2021-09-27T19:29:52","modified_gmt":"2021-09-27T19:29:52","slug":"mes-de-la-visibilizacion-del-trastorno-del-desarrollo-del-lenguaje","status":"publish","type":"post","link":"http:\/\/hoycordobaweb.com\/index.php\/2021\/09\/27\/mes-de-la-visibilizacion-del-trastorno-del-desarrollo-del-lenguaje\/","title":{"rendered":"Mes de la visibilizaci\u00f3n del Trastorno del Desarrollo del Lenguaje"},"content":{"rendered":"<p>Las dificultades en la comunicaci\u00f3n y el lenguaje en los ni\u00f1os son motivos de consulta cada vez m\u00e1s frecuentes. Los trastornos del lenguaje se consideran trastornos invisibles dado que muchas veces se consideran como signo de inmadurez por parte del ni\u00f1o y por este motivo se pospone la consulta con el especialista. Seg\u00fan el Dr. Gerardo Aguado, especialista en Trastornos del Desarrollo del Lenguaje, si existe preocupaci\u00f3n en al menos 1 de los familiares del ni\u00f1o en relaci\u00f3n al desarrollo del lenguaje, dicha preocupaci\u00f3n ya habilita a que se realice una consulta y controles peri\u00f3dicos en el caso de ser necesario.<\/p>\n<p>Recordar que cuanto antes se intervenga, mejor es el pron\u00f3stico de la intervenci\u00f3n. El <a href=\"https:\/\/fono.fcm.unc.edu.ar\/practicas\/\" target=\"_blank\" rel=\"noopener noreferrer\">Departamento de Investigaci\u00f3n y Extensi\u00f3n Raquel Maurette<\/a> recibe tu consulta en caso de ser necesario.<\/p>\n","protected":false},"excerpt":{"rendered":"<p>Las dificultades en la comunicaci\u00f3n y el lenguaje en los ni\u00f1os son motivos de consulta cada vez m\u00e1s frecuentes. Los trastornos del lenguaje se consideran trastornos invisibles dado que muchas veces se consideran como signo de inmadurez por parte del ni\u00f1o y por este motivo se pospone la consulta con el especialista. Seg\u00fan el Dr. [&hellip;]<\/p>\n","protected":false},"author":1,"featured_media":0,"comment_status":"closed","ping_status":"closed","sticky":false,"template":"","format":"standard","meta":[],"categories":[1],"tags":[],"_links":{"self":[{"href":"http:\/\/hoycordobaweb.com\/index.php\/wp-json\/wp\/v2\/posts\/30033"}],"collection":[{"href":"http:\/\/hoycordobaweb.com\/index.php\/wp-json\/wp\/v2\/posts"}],"about":[{"href":"http:\/\/hoycordobaweb.com\/index.php\/wp-json\/wp\/v2\/types\/post"}],"author":[{"embeddable":true,"href":"http:\/\/hoycordobaweb.com\/index.php\/wp-json\/wp\/v2\/users\/1"}],"replies":[{"embeddable":true,"href":"http:\/\/hoycordobaweb.com\/index.php\/wp-json\/wp\/v2\/comments?post=30033"}],"version-history":[{"count":0,"href":"http:\/\/hoycordobaweb.com\/index.php\/wp-json\/wp\/v2\/posts\/30033\/revisions"}],"wp:attachment":[{"href":"http:\/\/hoycordobaweb.com\/index.php\/wp-json\/wp\/v2\/media?parent=30033"}],"wp:term":[{"taxonomy":"category","embeddable":true,"href":"http:\/\/hoycordobaweb.com\/index.php\/wp-json\/wp\/v2\/categories?post=30033"},{"taxonomy":"post_tag","embeddable":true,"href":"http:\/\/hoycordobaweb.com\/index.php\/wp-json\/wp\/v2\/tags?post=30033"}],"curies":[{"name":"wp","href":"https:\/\/api.w.org\/{rel}","templated":true}]}}