{"id":29959,"date":"2021-09-25T14:54:11","date_gmt":"2021-09-25T14:54:11","guid":{"rendered":"https:\/\/www.mujerhoy.com\/moda\/no-te-pierdas\/eugenia-martinez-de-irujo-blusa-blanca-falda-negra-look-rejuvenecedor-entretiempo-made-in-spain-20210925124902-nt.html"},"modified":"2021-09-25T14:54:11","modified_gmt":"2021-09-25T14:54:11","slug":"blusa-blanca-y-falda-de-flecos-el-look-made-in-spain-de-eugenia-martinez-de-irujo-perfecto-para-el-entretiempo-y-por-su-efecto-rejuvenecedor","status":"publish","type":"post","link":"http:\/\/hoycordobaweb.com\/index.php\/2021\/09\/25\/blusa-blanca-y-falda-de-flecos-el-look-made-in-spain-de-eugenia-martinez-de-irujo-perfecto-para-el-entretiempo-y-por-su-efecto-rejuvenecedor\/","title":{"rendered":"Blusa blanca y falda de flecos, el look &#8216;made in Spain&#8217; de Eugenia Mart\u00ednez de Irujo perfecto para el entretiempo y por su efecto rejuvenecedor"},"content":{"rendered":"<p><!-- AUTHOR --><!-- COMPONENTS --><\/p>\n<p class=\"voc-paragraph\"><strong>Eugenia Mart\u00ednez de Irujo <\/strong>es la prueba de que se puede ir perfecta con dos prendas b\u00e1sicas si sabes c\u00f3mo elegirlas y c\u00f3mo combinarlas. Hace unos d\u00edas demostraba que las bajitas no tienen que <strong>huir de las faldas midi <\/strong>con <a data-voc-vtm-id=\"in-text-traffic\" href=\"https:\/\/www.mujerhoy.com\/moda\/no-te-pierdas\/eugenia-martinez-de-irujo-falda-midi-zara-blusa-hym-look-estiliza-sienta-bien-rejuvenece-20210916125721-nt.html\">un look con truco<\/a> y con el que se convirti\u00f3 en la mejor vestida. Ahora ha apostado por el corte largo con el binomio blanco-negro y con <strong>dos prendas &#8216;made in Spain&#8217;<\/strong> que te decimos d\u00f3nde y c\u00f3mo copiar.\n<\/p>\n<p class=\"voc-paragraph\">La socialit\u00e9 fue una de las invitadas al <strong>Festival de Cine de San Sebasti\u00e1n<\/strong> y para la cita recurri\u00f3 a un look que firma la dise\u00f1adora espa\u00f1ola<br \/>\n<strong> Teresa Helbig<\/strong>. Un estilismo perfecto con el que, adem\u00e1s, demostr\u00f3 que la opci\u00f3n falda-blusa tambi\u00e9n es ideal para pisar una alfombra roja.\n<\/p>\n<p class=\"voc-paragraph\">En concreto, luci\u00f3 una<br \/>\n<strong> falda larga de talle alto y punto calado <\/strong>que acababa en unos largos <strong>flecos <\/strong>que llegaban hasta el ras del suelo. Un dise\u00f1o s\u00faper original y sofisticado al que a\u00f1adi\u00f3 una<br \/>\n<strong> blusa blanca de manga larga y cuello subido<\/strong> y adornada con unas chorreras bordadas en el pecho. Por \u00faltimo, complet\u00f3 este outfit con unas<br \/>\n<strong> sandalias plateadas <\/strong>de plataforma y tac\u00f3n ancho.\n<\/p>\n<div class=\"voc-detail__cmp\">\n<div class=\"voc-article-container\">\n<article class=\"voc-article voc-article--cmp-photo-text\">\n<div class=\"voc-img-container\"><picture>\n<div class=\"voc-horizontal voc-img-icon-link\"><img class=\"lazy\" loading=\"lazy\" data-original=\"\/\/static1.mujerhoy.com\/www\/multimedia\/202109\/25\/media\/cortadas\/falda-negra-flecos-kYFE--624x624@MujerHoy.JPG\" alt><\/div>\n<\/picture>\n<p class=\"figure-caption \"><span class=\"voc-photo-author\"> about you <\/span><\/p>\n<\/div>\n<\/article>\n<\/div>\n<\/div>\n<p class=\"voc-paragraph\">Si te ha gustado esta combinaci\u00f3n debes sabes que copiarla es posible y en versi\u00f3n los cost. En <strong>About You<\/strong> hemos dado con una falda casi id\u00e9ntica de la firma <strong>Edited<\/strong>. Cuesta <strong>79,90 euros <\/strong>y se diferencia en que no es de punto calado, sino de un algod\u00f3n flexible y que se adapta a la perfecci\u00f3n. Por otro lado, en <strong>Zara <\/strong>puedes encontrar una blusa con ese estilo rom\u00e1ntico de la de Eugenia por <strong>25,95 euros<\/strong>. \u00a1No est\u00e1 nada mal!\n<\/p>\n<div class=\"voc-detail__cmp\">\n<div class=\"voc-article-container\">\n<article class=\"voc-article voc-article--cmp-photo-text\">\n<div class=\"voc-img-container\"><picture>\n<div class=\"voc-horizontal voc-img-icon-link\"><img class=\"lazy\" loading=\"lazy\" data-original=\"\/\/static.mujerhoy.com\/www\/multimedia\/202109\/25\/media\/cortadas\/blusa-blanca-zara-kYFE--624x624@MujerHoy.JPG\" alt><\/div>\n<\/picture>\n<p class=\"figure-caption \"><span class=\"voc-photo-author\"> zara <\/span><\/p>\n<\/div>\n<\/article>\n<\/div>\n<\/div>\n<div class=\"voc-detail__cmp voc-detail__cmp--pad-lr voc-detail__cmp--pad-lr--bdr\">\n<div class=\"voc-ficha-detail__wrapper\">\n<section class=\"voc-ficha-detail\">\n<h4 class=\"voc-ficha-detail-title voc-title-section\">te recomendamos<\/h4>\n<\/section>\n<\/div>\n<\/div>\n<p><!-- TOPICS --><\/p>\n","protected":false},"excerpt":{"rendered":"<p>Eugenia Mart\u00ednez de Irujo es la prueba de que se puede ir perfecta con dos prendas b\u00e1sicas si sabes c\u00f3mo elegirlas y c\u00f3mo combinarlas. Hace unos d\u00edas demostraba que las bajitas no tienen que huir de las faldas midi con un look con truco y con el que se convirti\u00f3 en la mejor vestida. Ahora [&hellip;]<\/p>\n","protected":false},"author":1,"featured_media":29960,"comment_status":"closed","ping_status":"closed","sticky":false,"template":"","format":"standard","meta":[],"categories":[1],"tags":[],"_links":{"self":[{"href":"http:\/\/hoycordobaweb.com\/index.php\/wp-json\/wp\/v2\/posts\/29959"}],"collection":[{"href":"http:\/\/hoycordobaweb.com\/index.php\/wp-json\/wp\/v2\/posts"}],"about":[{"href":"http:\/\/hoycordobaweb.com\/index.php\/wp-json\/wp\/v2\/types\/post"}],"author":[{"embeddable":true,"href":"http:\/\/hoycordobaweb.com\/index.php\/wp-json\/wp\/v2\/users\/1"}],"replies":[{"embeddable":true,"href":"http:\/\/hoycordobaweb.com\/index.php\/wp-json\/wp\/v2\/comments?post=29959"}],"version-history":[{"count":0,"href":"http:\/\/hoycordobaweb.com\/index.php\/wp-json\/wp\/v2\/posts\/29959\/revisions"}],"wp:featuredmedia":[{"embeddable":true,"href":"http:\/\/hoycordobaweb.com\/index.php\/wp-json\/wp\/v2\/media\/29960"}],"wp:attachment":[{"href":"http:\/\/hoycordobaweb.com\/index.php\/wp-json\/wp\/v2\/media?parent=29959"}],"wp:term":[{"taxonomy":"category","embeddable":true,"href":"http:\/\/hoycordobaweb.com\/index.php\/wp-json\/wp\/v2\/categories?post=29959"},{"taxonomy":"post_tag","embeddable":true,"href":"http:\/\/hoycordobaweb.com\/index.php\/wp-json\/wp\/v2\/tags?post=29959"}],"curies":[{"name":"wp","href":"https:\/\/api.w.org\/{rel}","templated":true}]}}