{"id":2983,"date":"2020-10-07T20:57:00","date_gmt":"2020-10-07T20:57:00","guid":{"rendered":"http:\/\/hoycordobaweb.com\/index.php\/2020\/10\/07\/alemania-y-francia-denuncian-a-rusia-por-el-caso-navalny-y-piden-sanciones\/"},"modified":"2020-10-07T20:57:00","modified_gmt":"2020-10-07T20:57:00","slug":"alemania-y-francia-denuncian-a-rusia-por-el-caso-navalny-y-piden-sanciones","status":"publish","type":"post","link":"http:\/\/hoycordobaweb.com\/index.php\/2020\/10\/07\/alemania-y-francia-denuncian-a-rusia-por-el-caso-navalny-y-piden-sanciones\/","title":{"rendered":"Alemania y Francia denuncian a Rusia por el caso Navalny y piden sanciones"},"content":{"rendered":"<p><img src=\"http:\/\/hoycordobaweb.com\/wp-content\/uploads\/2020\/10\/alemania-y-francia-denuncian-a-rusia-por-el-caso-navalny-y-piden-sanciones.jpg\"><\/p>\n<div class=\"image\" id=\"image\" readability=\"10\"> <img src=\"http:\/\/hoycordobaweb.com\/wp-content\/uploads\/2020\/10\/alemania-y-francia-denuncian-a-rusia-por-el-caso-navalny-y-piden-sanciones-2.jpg\" alt=\"Para el canciller franc\u00e9s, Jean-Yves Le Drian, Rusia tiene &quot;participaci\u00f3n y responsabilidad&quot; en el caso Navalny\" title=\"Para el canciller franc\u00e9s, Jean-Yves Le Drian, Rusia tiene &quot;participaci\u00f3n y responsabilidad&quot; en el caso Navalny\"><\/p>\n<p>Para el canciller franc\u00e9s, Jean-Yves Le Drian, Rusia tiene \u00abparticipaci\u00f3n y responsabilidad\u00bb en el caso Navalny<\/p>\n<\/div>\n<p><strong>Alemania y Francia denunciaron este mi\u00e9rcoles la \u00abparticipaci\u00f3n y responsabilidad\u00bb de Rusia en el envenenamiento con Novichok del opositor Alexey Navalny, acusaci\u00f3n que el Gobierno de Mosc\u00fa calific\u00f3 de \u00abinaceptable\u00bb, y advirtieron que propondr\u00edan medidas concretas contra ese pa\u00eds.<\/strong><\/p>\n<p>El pronunciamiento franco-germano se conoci\u00f3 luego de que la Organizaci\u00f3n para la Prohibici\u00f3n de las Armas Qu\u00edmicas (OPAQ) confirmara que el activista hab\u00eda sido envenenado con un agente neuro-t\u00f3xico de ese tipo.<\/p>\n<p>La advertencia de los ministros de Relaciones Exteriores, el alem\u00e1n Heiko Maas y Jean-Yves Le Drian, de Francia, tiene lugar despu\u00e9s de que la OPAQ informara que <strong>las muestras de sangre y orina que hab\u00edan tomado de Navalny conten\u00edan un \u00abinhibidor de la colinesteresa\u00bb similar a dos sustancias qu\u00edmicas del tipo Novichok, fabricadas con fines militares por Rusia desde la \u00e9poca de la URSS, y que fueron prohibidas por la organizaci\u00f3n en 2019.<\/strong><\/p>\n<p>Adem\u00e1s, la organizaci\u00f3n se declar\u00f3 dispuesta a enviar un grupo de expertos para investigar el incidente con el opositor ruso.<\/p>\n<p><strong>Para los cancilleres de Alemania y Francia, Rusia no ha dado hasta el momento una respuesta precisa.<\/strong><\/p>\n<p>\u00abNinguna explicaci\u00f3n cre\u00edble ha sido proporcionada (por el momento) por Rusia\u00bb, coincidieron los dos funcionarios en un comunicado, y sostuvieron que no encuentran otra explicaci\u00f3n m\u00e1s que la \u00abresponsabilidad y participaci\u00f3n rusa\u00bb.<\/p>\n<p>En ese sentido, presentar\u00e1n a sus socios europeos propuestas de sanciones dirigidas a personas consideradas \u00abresponsables de este crimen y violaci\u00f3n a las normas internacionales, a causa de sus funciones oficiales, y a una entidad involucrada en el programa Novichok\u00bb, cit\u00f3 la agencia de noticias AFP.<\/p>\n<p>Por su parte, <strong>Rusia calific\u00f3 de \u00abinaceptables\u00bb las acusaciones de Alemania y Francia, y declar\u00f3 en un comunicado que \u00aben lugar de cooperar como es de esperar con la Federaci\u00f3n Rusa para aclarar las circunstancias de lo que sucedi\u00f3 con ese bloguero, los gobiernos alem\u00e1n y franc\u00e9s han pasado a las amenazas y los intentos de chantaje en nuestra contra\u00bb.<\/strong><\/p>\n<p>M\u00e1s temprano, el portavoz del Kremlin, Dmitri Peskov, hab\u00eda expresado su buena voluntad para que los expertos de la OPAQ pudieran acceder en Rusia a todos los materiales que resulten necesarios para descubrir lo que ocurri\u00f3 con Navalny,<\/p>\n<div class=\"image\" id=\"image\" readability=\"9\"> <img src=\"http:\/\/hoycordobaweb.com\/wp-content\/uploads\/2020\/10\/alemania-y-francia-denuncian-a-rusia-por-el-caso-navalny-y-piden-sanciones-3.jpg\" alt=\"Para el ministro de Exteriores de Alemania, Heiko Maas, Rusia no ha dado respuestas\" title=\"Para el ministro de Exteriores de Alemania, Heiko Maas, Rusia no ha dado respuestas\"><\/p>\n<p>Para el ministro de Exteriores de Alemania, Heiko Maas, Rusia no ha dado respuestas<\/p>\n<\/div>\n<p>El 20 de agosto pasado, Navalny se sinti\u00f3 mal durante un vuelo de la ciudad rusa de Tomsk a Mosc\u00fa, lo que oblig\u00f3 a los pilotos a realizar un aterrizaje de emergencia en Omsk, Siberia, donde fue hospitalizado y puesto en coma inducido.<\/p>\n<p>Los m\u00e9dicos rusos dijeron que hab\u00eda sufrido un trastorno metab\u00f3lico provocado por una fuerte ca\u00edda de la az\u00facar en sangre.<\/p>\n<p>Dos d\u00edas despu\u00e9s fue trasladado al hospital Charit\u00e9 de Berl\u00edn en un avi\u00f3n, luego de que su esposa se reuniera con el presidente ruso, Vladimir Putin, para permitirle el traslado a Alemania.<\/p>\n<p><strong>El 24 de agosto, el hospital Charit\u00e9 inform\u00f3 que los datos del examen cl\u00ednico apuntaban a un envenenamiento, aunque el agente concreto todav\u00eda quedaba por determinar.<\/strong><\/p>\n<p>Tres laboratorios europeos afirmaron despu\u00e9s que hab\u00eda sido v\u00edctima de un envenenamiento con una sustancia neurot\u00f3xica de tipo Novichok, creada en la \u00e9poca sovi\u00e9tica con fines militares.<\/p>\n<p>La misma fue utilizada para envenenar en Londres en 2018 a Serguei Skripal, un exdoble agente ruso que trabajaba para los servicios secretos brit\u00e1nicos, y a su hija Yulia. Ambos sobrevivieron a duras penas. El Reino Unido acus\u00f3 a Rusia, pero Mosc\u00fa lo neg\u00f3.<\/p>\n<p>Como en aquella ocasi\u00f3n con Skripal, varios pa\u00edses occidentales pidieron una investigaci\u00f3n del caso de Navalny a Rusia, que rechaza cualquier vinculaci\u00f3n con el presunto envenenamiento.<\/p>\n<p>Recientemente, el Kremlin asegur\u00f3 que era libre de volver a Rusia. <\/p>\n","protected":false},"excerpt":{"rendered":"<p>Para el canciller franc\u00e9s, Jean-Yves Le Drian, Rusia tiene \u00abparticipaci\u00f3n y responsabilidad\u00bb en el caso Navalny Alemania y Francia denunciaron este mi\u00e9rcoles la \u00abparticipaci\u00f3n y responsabilidad\u00bb de Rusia en el envenenamiento con Novichok del opositor Alexey Navalny, acusaci\u00f3n que el Gobierno de Mosc\u00fa calific\u00f3 de \u00abinaceptable\u00bb, y advirtieron que propondr\u00edan medidas concretas contra ese pa\u00eds. [&hellip;]<\/p>\n","protected":false},"author":1,"featured_media":2984,"comment_status":"open","ping_status":"closed","sticky":false,"template":"","format":"standard","meta":[],"categories":[24],"tags":[],"_links":{"self":[{"href":"http:\/\/hoycordobaweb.com\/index.php\/wp-json\/wp\/v2\/posts\/2983"}],"collection":[{"href":"http:\/\/hoycordobaweb.com\/index.php\/wp-json\/wp\/v2\/posts"}],"about":[{"href":"http:\/\/hoycordobaweb.com\/index.php\/wp-json\/wp\/v2\/types\/post"}],"author":[{"embeddable":true,"href":"http:\/\/hoycordobaweb.com\/index.php\/wp-json\/wp\/v2\/users\/1"}],"replies":[{"embeddable":true,"href":"http:\/\/hoycordobaweb.com\/index.php\/wp-json\/wp\/v2\/comments?post=2983"}],"version-history":[{"count":0,"href":"http:\/\/hoycordobaweb.com\/index.php\/wp-json\/wp\/v2\/posts\/2983\/revisions"}],"wp:featuredmedia":[{"embeddable":true,"href":"http:\/\/hoycordobaweb.com\/index.php\/wp-json\/wp\/v2\/media\/2984"}],"wp:attachment":[{"href":"http:\/\/hoycordobaweb.com\/index.php\/wp-json\/wp\/v2\/media?parent=2983"}],"wp:term":[{"taxonomy":"category","embeddable":true,"href":"http:\/\/hoycordobaweb.com\/index.php\/wp-json\/wp\/v2\/categories?post=2983"},{"taxonomy":"post_tag","embeddable":true,"href":"http:\/\/hoycordobaweb.com\/index.php\/wp-json\/wp\/v2\/tags?post=2983"}],"curies":[{"name":"wp","href":"https:\/\/api.w.org\/{rel}","templated":true}]}}