{"id":29815,"date":"2021-09-23T17:15:06","date_gmt":"2021-09-23T17:15:06","guid":{"rendered":"http:\/\/ladecimaweb.com\/?p=11173"},"modified":"2021-09-23T17:15:06","modified_gmt":"2021-09-23T17:15:06","slug":"cuota-alimentaria-le-retiran-la-licencia-de-conducir-y-le-prohiben-salir-del-pais","status":"publish","type":"post","link":"http:\/\/hoycordobaweb.com\/index.php\/2021\/09\/23\/cuota-alimentaria-le-retiran-la-licencia-de-conducir-y-le-prohiben-salir-del-pais\/","title":{"rendered":"Cuota alimentaria: le retiran la licencia de conducir y le proh\u00edben salir del pa\u00eds"},"content":{"rendered":"<p>El Juzgado en lo Civil y Comercial y de Familia de Cosqu\u00edn hizo lugar a una demanda iniciada por una mujer contra su expareja por la falta de pagos de las cuotas alimentarias fijadas a favor del hijo de ambos. En consecuencia, <strong>el juez Carlos Fernando Machado orden\u00f3 la inscripci\u00f3n del demandado en el Registro de Deudores Alimentarios, el retiro de la licencia de conducir y la prohibici\u00f3n de la salida del pa\u00eds,<\/strong> medidas que regir\u00e1n hasta el total cumplimiento de la deuda reclamada o hasta que presente una cauci\u00f3n suficiente,<a href=\"https:\/\/www.justiciacordoba.gob.ar\/JusticiaCordoba\/Inicio\/indexDetalle.aspx?codNovedad=32544\"> seg\u00fan publica el portal de Justicia C\u00f3rdoba.\u00a0<\/a><\/p>\n<p>El magistrado explic\u00f3 que <strong>\u201cel derecho alimentario constituye un derecho humano b\u00e1sico\u201d<\/strong> y que no cumplir con esto compromete el derecho de los ni\u00f1os. \u201cEl hecho de que el progenitor haya debido afrontar mayores gastos no puede constituirse como fundamento v\u00e1lido para evitar la actualizaci\u00f3n de la mesada alimentaria. Por el contrario, le exigen redoblar esfuerzos para as\u00ed poder proveer adecuadamente a las necesidades de los hijos\u201d, enfatiz\u00f3.<\/p>\n<p><strong>La resoluci\u00f3n subraya que el padre ejerci\u00f3 violencia econ\u00f3mica y patrimonial en contra de la mujer,<\/strong> puesto que la falta de pago de la cuota alimentaria afect\u00f3, en forma directa, a la madre y provoc\u00f3 un deterioro econ\u00f3mico, ya que ella tuvo que cubrir las necesidades materiales de su hijo con recursos propios.<\/p>\n<p>Tambi\u00e9n recuerda que el art\u00edculo 553 del C\u00f3digo Civil y Comercial de la Naci\u00f3n faculta al tribunal a tomar \u201cmedidas razonables para asegurar el cumplimiento de la cuota establecida\u201d.<\/p>\n<p>En este sentido, agrega: \u201cLa inscripci\u00f3n en el Registro de Deudores Alimentarios Morosos resulta procedente ya que ha quedado acreditado el incumplimiento de la cuota alimentaria por m\u00e1s de tres cuotas consecutivas (\u2026) la suspensi\u00f3n moment\u00e1nea de la licencia de conducir no es impedimento para que el padre pueda buscar otras actividades mejor remuneradas para as\u00ed cubrir las necesidades integrales de su hijo\u201d.<\/p>\n<p>Finalmente, la sentencia expresa la importancia del cumplimiento de una obligaci\u00f3n primordial como lo es la alimentaria, ya que satisface las necesidades b\u00e1sicas y constituye un derecho humano fundamental de ni\u00f1os, ni\u00f1as y adolescentes.<\/p>\n<div class=\"ubm_banner\"><a href=\"https:\/\/youtu.be\/YAnjWjTh-xE\" target=\"_blank\" rel=\"dofollow noopener noreferrer\"><img src=\"http:\/\/hoycordobaweb.com\/wp-content\/uploads\/2021\/09\/cuota-alimentaria-le-retiran-la-licencia-de-conducir-y-le-prohiben-salir-del-pais.gif\" alt=\"\"><\/a><\/div>\n<p>La entrada <a rel=\"nofollow\" href=\"https:\/\/ladecimaweb.com\/cuota-alimentaria-le-retiran-la-licencia-de-conducir-y-le-prohiben-salir-del-pais\/\">Cuota alimentaria: le retiran la licencia de conducir y le proh\u00edben salir del pa\u00eds<\/a> se public\u00f3 primero en <a rel=\"nofollow\" href=\"https:\/\/ladecimaweb.com\">LaDecima<\/a>.<\/p>\n","protected":false},"excerpt":{"rendered":"<p>El Juzgado en lo Civil y Comercial y de Familia de Cosqu\u00edn hizo lugar a una demanda iniciada por una mujer contra su expareja por la falta de pagos de las cuotas alimentarias fijadas a favor del hijo de ambos. En consecuencia, el juez Carlos Fernando Machado orden\u00f3 la inscripci\u00f3n del demandado en el Registro [&hellip;]<\/p>\n","protected":false},"author":1,"featured_media":29816,"comment_status":"closed","ping_status":"closed","sticky":false,"template":"","format":"standard","meta":[],"categories":[19],"tags":[],"_links":{"self":[{"href":"http:\/\/hoycordobaweb.com\/index.php\/wp-json\/wp\/v2\/posts\/29815"}],"collection":[{"href":"http:\/\/hoycordobaweb.com\/index.php\/wp-json\/wp\/v2\/posts"}],"about":[{"href":"http:\/\/hoycordobaweb.com\/index.php\/wp-json\/wp\/v2\/types\/post"}],"author":[{"embeddable":true,"href":"http:\/\/hoycordobaweb.com\/index.php\/wp-json\/wp\/v2\/users\/1"}],"replies":[{"embeddable":true,"href":"http:\/\/hoycordobaweb.com\/index.php\/wp-json\/wp\/v2\/comments?post=29815"}],"version-history":[{"count":0,"href":"http:\/\/hoycordobaweb.com\/index.php\/wp-json\/wp\/v2\/posts\/29815\/revisions"}],"wp:featuredmedia":[{"embeddable":true,"href":"http:\/\/hoycordobaweb.com\/index.php\/wp-json\/wp\/v2\/media\/29816"}],"wp:attachment":[{"href":"http:\/\/hoycordobaweb.com\/index.php\/wp-json\/wp\/v2\/media?parent=29815"}],"wp:term":[{"taxonomy":"category","embeddable":true,"href":"http:\/\/hoycordobaweb.com\/index.php\/wp-json\/wp\/v2\/categories?post=29815"},{"taxonomy":"post_tag","embeddable":true,"href":"http:\/\/hoycordobaweb.com\/index.php\/wp-json\/wp\/v2\/tags?post=29815"}],"curies":[{"name":"wp","href":"https:\/\/api.w.org\/{rel}","templated":true}]}}