{"id":29813,"date":"2021-09-23T23:04:00","date_gmt":"2021-09-23T23:04:00","guid":{"rendered":"http:\/\/hoycordobaweb.com\/index.php\/2021\/09\/23\/detuvieron-a-puigdemont-en-cerdena\/"},"modified":"2021-09-23T23:04:00","modified_gmt":"2021-09-23T23:04:00","slug":"detuvieron-a-puigdemont-en-cerdena","status":"publish","type":"post","link":"http:\/\/hoycordobaweb.com\/index.php\/2021\/09\/23\/detuvieron-a-puigdemont-en-cerdena\/","title":{"rendered":"Detuvieron a Puigdemont en Cerde\u00f1a"},"content":{"rendered":"<p><img src=\"http:\/\/hoycordobaweb.com\/wp-content\/uploads\/2021\/09\/detuvieron-a-puigdemont-en-cerdena.jpg\"><\/p>\n<div class=\"image\" id=\"image\" readability=\"7\"> <img src=\"http:\/\/hoycordobaweb.com\/wp-content\/uploads\/2021\/09\/detuvieron-a-puigdemont-en-cerdena-2.jpg\" alt=\"Carles Puigdemont. Foto: archivo.\" title=\"Carles Puigdemont. Foto: archivo.\"><\/p>\n<p>Carles Puigdemont. Foto: archivo.<\/p>\n<\/div>\n<p>Carles Puigdemont, que fue presidente del gobierno regional de Catalu\u00f1a durante la declaraci\u00f3n fallida de independencia de 2017, fue detenido en la isla italiana de Cerde\u00f1a, informaron fuentes de su entorno.<\/p>\n<p>\u00abEl president Puigdemont ha sido detenido a su llegada a Cerde\u00f1a, donde acud\u00eda como eurodiputado\u00bb, anunci\u00f3 en Twitter su abogado, Gonzalo Boye, quien precis\u00f3 que su detenci\u00f3n se produjo en cumplimiento de una orden europea del 14 de octubre de 2019.<\/p>\n<p>Puigdemont, actualmente eurodiputado, est\u00e1 establecido en Bruselas, B\u00e9lgica, desde 2017 y viaj\u00f3 a Alguer, Cerde\u00f1a, para un festival cultural catal\u00e1n y entrevistarse con las autoridades de la isla, expres\u00f3 el responsable de su oficina, Josep Lluis Alay.<\/p>\n<div class=\"js-code\" readability=\"7.527868852459\">\n<blockquote class=\"twitter-tweet\" readability=\"8.4688524590164\">\n<p lang=\"es\" dir=\"ltr\">El President Puigdemont ha sido detenido a su llegada a Cerde\u00f1a donde acud\u00eda como eurodiputado; esta detenci\u00f3n es en funci\u00f3n de la euroorden de 14 de octubre de 2019 que, por imperativo legal -seg\u00fan establece el Estatuto del TJUE, se encuentra suspendida.<\/p>\n<p>\u2014 Gonzalo Boye (@boye_g) <a href=\"https:\/\/twitter.com\/boye_g\/status\/1441150131147972608?ref_src=twsrc%5Etfw\">September 23, 2021<\/a><\/p><\/blockquote><\/div>\n<p>\u00abCuando ha llegado al aeropuerto de Alguer, fue retenido por la polic\u00eda fronteriza italiana\u00bb, especific\u00f3 Alay en las redes sociales.<\/p>\n<p>\u00abMa\u00f1ana el presidente ser\u00e1 puesto a disposici\u00f3n de los jueces de la corte de apelaci\u00f3n de Sassari, que es competente para decidir su puesta en libertad o su extradici\u00f3n\u00bb, refiri\u00f3 Alay, seg\u00fan la agencia de noticias AFP. <\/p>\n","protected":false},"excerpt":{"rendered":"<p>Carles Puigdemont. Foto: archivo. Carles Puigdemont, que fue presidente del gobierno regional de Catalu\u00f1a durante la declaraci\u00f3n fallida de independencia de 2017, fue detenido en la isla italiana de Cerde\u00f1a, informaron fuentes de su entorno. \u00abEl president Puigdemont ha sido detenido a su llegada a Cerde\u00f1a, donde acud\u00eda como eurodiputado\u00bb, anunci\u00f3 en Twitter su abogado, [&hellip;]<\/p>\n","protected":false},"author":1,"featured_media":29814,"comment_status":"open","ping_status":"closed","sticky":false,"template":"","format":"standard","meta":[],"categories":[24],"tags":[],"_links":{"self":[{"href":"http:\/\/hoycordobaweb.com\/index.php\/wp-json\/wp\/v2\/posts\/29813"}],"collection":[{"href":"http:\/\/hoycordobaweb.com\/index.php\/wp-json\/wp\/v2\/posts"}],"about":[{"href":"http:\/\/hoycordobaweb.com\/index.php\/wp-json\/wp\/v2\/types\/post"}],"author":[{"embeddable":true,"href":"http:\/\/hoycordobaweb.com\/index.php\/wp-json\/wp\/v2\/users\/1"}],"replies":[{"embeddable":true,"href":"http:\/\/hoycordobaweb.com\/index.php\/wp-json\/wp\/v2\/comments?post=29813"}],"version-history":[{"count":0,"href":"http:\/\/hoycordobaweb.com\/index.php\/wp-json\/wp\/v2\/posts\/29813\/revisions"}],"wp:featuredmedia":[{"embeddable":true,"href":"http:\/\/hoycordobaweb.com\/index.php\/wp-json\/wp\/v2\/media\/29814"}],"wp:attachment":[{"href":"http:\/\/hoycordobaweb.com\/index.php\/wp-json\/wp\/v2\/media?parent=29813"}],"wp:term":[{"taxonomy":"category","embeddable":true,"href":"http:\/\/hoycordobaweb.com\/index.php\/wp-json\/wp\/v2\/categories?post=29813"},{"taxonomy":"post_tag","embeddable":true,"href":"http:\/\/hoycordobaweb.com\/index.php\/wp-json\/wp\/v2\/tags?post=29813"}],"curies":[{"name":"wp","href":"https:\/\/api.w.org\/{rel}","templated":true}]}}