{"id":29740,"date":"2021-09-21T16:28:15","date_gmt":"2021-09-21T16:28:15","guid":{"rendered":"http:\/\/fono.fcm.unc.edu.ar\/?p=7276"},"modified":"2021-09-21T16:28:15","modified_gmt":"2021-09-21T16:28:15","slug":"seminarios-de-fortalecimiento-en-aspectos-eticos-y-manejo-de-infostat","status":"publish","type":"post","link":"http:\/\/hoycordobaweb.com\/index.php\/2021\/09\/21\/seminarios-de-fortalecimiento-en-aspectos-eticos-y-manejo-de-infostat\/","title":{"rendered":"Seminarios de Fortalecimiento en Aspectos \u00c9ticos y Manejo de Infostat"},"content":{"rendered":"<h2 class=\"fusion-post-title\">Seminarios de Fortalecimiento en Aspectos \u00c9ticos y Manejo de Infostat<\/h2>\n<div class=\"post-content\" readability=\"35.178674351585\">\n<p><img loading=\"lazy\" class=\"alignright wp-image-7278 size-fusion-600\" src=\"https:\/\/fono.fcm.unc.edu.ar\/wp-content\/uploads\/sites\/14\/2021\/09\/seminarioCTF-600x600.jpg\" alt width=\"600\" height=\"600\" srcset=\"https:\/\/fono.fcm.unc.edu.ar\/wp-content\/uploads\/sites\/14\/2021\/09\/seminarioCTF-66x66.jpg 66w, https:\/\/fono.fcm.unc.edu.ar\/wp-content\/uploads\/sites\/14\/2021\/09\/seminarioCTF-150x150.jpg 150w, https:\/\/fono.fcm.unc.edu.ar\/wp-content\/uploads\/sites\/14\/2021\/09\/seminarioCTF-200x200.jpg 200w, https:\/\/fono.fcm.unc.edu.ar\/wp-content\/uploads\/sites\/14\/2021\/09\/seminarioCTF-300x300.jpg 300w, https:\/\/fono.fcm.unc.edu.ar\/wp-content\/uploads\/sites\/14\/2021\/09\/seminarioCTF-400x400.jpg 400w, https:\/\/fono.fcm.unc.edu.ar\/wp-content\/uploads\/sites\/14\/2021\/09\/seminarioCTF-600x600.jpg 600w, https:\/\/fono.fcm.unc.edu.ar\/wp-content\/uploads\/sites\/14\/2021\/09\/seminarioCTF-768x768.jpg 768w, https:\/\/fono.fcm.unc.edu.ar\/wp-content\/uploads\/sites\/14\/2021\/09\/seminarioCTF-800x800.jpg 800w, https:\/\/fono.fcm.unc.edu.ar\/wp-content\/uploads\/sites\/14\/2021\/09\/seminarioCTF-1024x1024.jpg 1024w, https:\/\/fono.fcm.unc.edu.ar\/wp-content\/uploads\/sites\/14\/2021\/09\/seminarioCTF-1200x1200.jpg 1200w, https:\/\/fono.fcm.unc.edu.ar\/wp-content\/uploads\/sites\/14\/2021\/09\/seminarioCTF-1536x1536.jpg 1536w\" sizes=\"(max-width: 600px) 100vw, 600px\">Desde la Comisi\u00f3n de Trabajo Final invitamos a participar de los Seminarios de Fortalecimiento en Aspectos \u00c9ticos y Manejo de Infostat en Investigaciones para Fonoaudiolog\u00eda a realizarse en el mes de Octubre.<\/p>\n<p>Para inscribirse, completar el siguiente&nbsp;&nbsp;<a href=\"https:\/\/forms.gle\/HPuP5TxzgY7KQqUT8\" target=\"_blank\" rel=\"noopener noreferrer\">Formulario<\/a><\/p>\n<p>Para solicitar m\u00e1s informaci\u00f3n o consultas escribir a <a href=\"mailto:berenicecurto@unc.edu.ar\">berenicecurto@unc.edu.ar<\/a><\/p>\n<\/p><\/div>\n","protected":false},"excerpt":{"rendered":"<p>Seminarios de Fortalecimiento en Aspectos \u00c9ticos y Manejo de Infostat Desde la Comisi\u00f3n de Trabajo Final invitamos a participar de los Seminarios de Fortalecimiento en Aspectos \u00c9ticos y Manejo de Infostat en Investigaciones para Fonoaudiolog\u00eda a realizarse en el mes de Octubre. Para inscribirse, completar el siguiente&nbsp;&nbsp;Formulario Para solicitar m\u00e1s informaci\u00f3n o consultas escribir a [&hellip;]<\/p>\n","protected":false},"author":1,"featured_media":0,"comment_status":"closed","ping_status":"closed","sticky":false,"template":"","format":"standard","meta":[],"categories":[1],"tags":[],"_links":{"self":[{"href":"http:\/\/hoycordobaweb.com\/index.php\/wp-json\/wp\/v2\/posts\/29740"}],"collection":[{"href":"http:\/\/hoycordobaweb.com\/index.php\/wp-json\/wp\/v2\/posts"}],"about":[{"href":"http:\/\/hoycordobaweb.com\/index.php\/wp-json\/wp\/v2\/types\/post"}],"author":[{"embeddable":true,"href":"http:\/\/hoycordobaweb.com\/index.php\/wp-json\/wp\/v2\/users\/1"}],"replies":[{"embeddable":true,"href":"http:\/\/hoycordobaweb.com\/index.php\/wp-json\/wp\/v2\/comments?post=29740"}],"version-history":[{"count":0,"href":"http:\/\/hoycordobaweb.com\/index.php\/wp-json\/wp\/v2\/posts\/29740\/revisions"}],"wp:attachment":[{"href":"http:\/\/hoycordobaweb.com\/index.php\/wp-json\/wp\/v2\/media?parent=29740"}],"wp:term":[{"taxonomy":"category","embeddable":true,"href":"http:\/\/hoycordobaweb.com\/index.php\/wp-json\/wp\/v2\/categories?post=29740"},{"taxonomy":"post_tag","embeddable":true,"href":"http:\/\/hoycordobaweb.com\/index.php\/wp-json\/wp\/v2\/tags?post=29740"}],"curies":[{"name":"wp","href":"https:\/\/api.w.org\/{rel}","templated":true}]}}