{"id":29723,"date":"2021-09-22T09:04:33","date_gmt":"2021-09-22T09:04:33","guid":{"rendered":"https:\/\/www.mujerhoy.com\/moda\/no-te-pierdas\/gabardina-mujer-mango-barata-original-chaleco-acolchado-tendencia-favorita-influencers-20210922102346-nt.html"},"modified":"2021-09-22T09:04:33","modified_gmt":"2021-09-22T09:04:33","slug":"la-original-gabardina-de-mango-2-en-1-que-todas-tienen-y-quieren-y-que-es-la-chaqueta-de-entretiempo-perfecta","status":"publish","type":"post","link":"http:\/\/hoycordobaweb.com\/index.php\/2021\/09\/22\/la-original-gabardina-de-mango-2-en-1-que-todas-tienen-y-quieren-y-que-es-la-chaqueta-de-entretiempo-perfecta\/","title":{"rendered":"La original gabardina de Mango 2 en 1 que todas tienen (y quieren) y que es la chaqueta de entretiempo perfecta"},"content":{"rendered":"<p><!-- AUTHOR --><!-- COMPONENTS --><\/p>\n<p class=\"voc-paragraph\">\u00bfQue todav\u00eda no tienes <a data-voc-vtm-id=\"in-text-traffic\" href=\"https:\/\/www.mujerhoy.com\/moda\/no-te-pierdas\/202103\/02\/gabardinas-entalladas-tendencia-primavera-hym-nueva-coleccion-dias-de-lluvia-20210302010245.html\">una gabardina<\/a> en tu armario? Error. Es la<br \/>\n<strong> chaqueta de entretiempo favorita<\/strong>, pega con todo, es muy vers\u00e1til y nunca pasa de moda. Es el<br \/>\n<strong> b\u00e1sico de moda imprescindible<\/strong> que te salva de un sinf\u00edn de situaciones y que, a d\u00eda de hoy, es tambi\u00e9n s\u00faper tendencia. Te hemos ense\u00f1ado <a data-voc-vtm-id=\"in-text-traffic\" href=\"https:\/\/www.mujerhoy.com\/moda\/no-te-pierdas\/gabardina-entretiempo-ligera-hym-truco-estilo-sin-mangas-arrasa-verano-instagram-20210819020041-nt.html\">el truco para llevarlas sin pasar calor<\/a> y, aunque <a data-voc-vtm-id=\"in-text-traffic\" href=\"https:\/\/www.mujerhoy.com\/moda\/no-te-pierdas\/chaqueta-entretiempo-vaquera-tweed-bershka-barata-agotada-lista-de-espera-rejuvenece-a-los-50-20210921100310-nt.html\">esta chaqueta de Bershka que rejuvenece<\/a> es muy buena opci\u00f3n, lo cierto es que la gabardina es a\u00fan mejor por su versatilidad. Por ello, aqu\u00ed te traemos una <strong>propuesta de Mango<\/strong> que est\u00e1 arrasando en las redes y es ideal.\n<\/p>\n<div class=\"voc-detail__cmp\">\n<div class=\"voc-article-container\">\n<article class=\"voc-article voc-article--cmp-photo-text\" readability=\"26\">\n<div class=\"voc-img-container\" readability=\"7\"><picture>\n<div class=\"voc-horizontal voc-img-icon-link\"><img class=\"lazy\" loading=\"lazy\" data-original=\"\/\/static.mujerhoy.com\/www\/multimedia\/202109\/22\/media\/cortadas\/trench-caqui-mango-kPEB--624x624@MujerHoy.jpg\" alt><\/div>\n<\/picture>\n<p class=\"figure-caption \"><span class=\"voc-photo-author\"> Monica de La Villardie\u0300re <\/span><\/p>\n<\/div>\n<\/article>\n<\/div>\n<\/div>\n<p class=\"voc-paragraph\">Se trata de una <strong>gabardina en color caqui<\/strong>, tono que hace que sea una opci\u00f3n diferente a las que vemos normalmente. Y es que, a la hora de escoger un &#8216;trench&#8217;, el beige se convierte en el color favorito. Las tonalidades arena pegan con absolutamente todo y si quieres una gabardina, seguro que te acabas decant\u00e1ndote por alguna de ellas. Sin embargo, hay opciones diferentes como puede ser el verde caqui, que pueden aportar un toque sofisticado y original a tu look y que siguen siendo <strong>una prenda s\u00faper combinable que pega con todo<\/strong>.\n<\/p>\n<div class=\"voc-detail__cmp\">\n<div class=\"voc-article-container\">\n<article class=\"voc-article voc-article--cmp-photo-text\">\n<div class=\"voc-img-container\"><picture>\n<div class=\"voc-horizontal voc-img-icon-link\"><img class=\"lazy\" loading=\"lazy\" data-original=\"\/\/static3.mujerhoy.com\/www\/multimedia\/202109\/22\/media\/cortadas\/gabardina-mango-verde-kPEB--624x624@MujerHoy.JPG\" alt><\/div>\n<\/picture>\n<p class=\"figure-caption \"><span class=\"voc-photo-author\"> mango <\/span><\/p>\n<\/div>\n<\/article>\n<\/div>\n<\/div>\n<p class=\"voc-paragraph\">La gabardina en cuesti\u00f3n tiene como protagonista este tono, pero tambi\u00e9n nos encanta por otros motivos. El primero de ellos es que tiene el<br \/>\n<strong> interior acolchado<\/strong>, lo que hace que sea a\u00fan m\u00e1s abrigada. El segundo es el<br \/>\n<strong> cuello cl\u00e1sico<\/strong> con solapas que es diferente al cruzado que tienen las tradicionales. Y el tercero es su<br \/>\n<strong> dise\u00f1o desmontable<\/strong>, es decir, puedes retirar la parte acolchada de la gabardina para cuando haga m\u00e1s calor y obtendr\u00e1s un chaleco que podr\u00e1s usar junto o tambi\u00e9n por separada. <strong>\u00a1Dos prendas en una!<\/strong><\/p>\n<div class=\"voc-detail__cmp\">\n<div class=\"voc-article-container\">\n<article class=\"voc-article voc-article--cmp-photo-text\">\n<div class=\"voc-img-container\"><picture>\n<div class=\"voc-horizontal voc-img-icon-link\"><img class=\"lazy\" loading=\"lazy\" data-original=\"\/\/static.mujerhoy.com\/www\/multimedia\/202109\/22\/media\/cortadas\/mango-nueva-coleccion-chaqueta-chaleco-acolchado-kPEB--624x624@MujerHoy.JPG\" alt><\/div>\n<\/picture>\n<p class=\"figure-caption \"><span class=\"voc-photo-author\"> mango <\/span><\/p>\n<\/div>\n<\/article>\n<\/div>\n<\/div>\n<p class=\"voc-paragraph\">Y una prenda s\u00faper ponible a la que podr\u00e1s dar much\u00edsimo uso y que ya triunfa entre las influencers de todo el mundo. <strong>Cuesta 99,99 euros <\/strong>y tambi\u00e9n nos encanta porque es una prenda etiquetadas como Committed, es decir, que ha sido confeccionada con fibras y\/o procesos de <strong>producci\u00f3n sostenible<\/strong>, reduciendo as\u00ed su impacto ambiental. \u00a1Lo tiene todo!\n<\/p>\n<div class=\"voc-detail__cmp voc-detail__cmp--pad-lr voc-detail__cmp--pad-lr--bdr\">\n<div class=\"voc-ficha-detail__wrapper\">\n<section class=\"voc-ficha-detail\">\n<h4 class=\"voc-ficha-detail-title voc-title-section\">te recomendamos<\/h4>\n<\/section>\n<\/div>\n<\/div>\n<p><!-- TOPICS --><\/p>\n","protected":false},"excerpt":{"rendered":"<p>\u00bfQue todav\u00eda no tienes una gabardina en tu armario? Error. Es la chaqueta de entretiempo favorita, pega con todo, es muy vers\u00e1til y nunca pasa de moda. Es el b\u00e1sico de moda imprescindible que te salva de un sinf\u00edn de situaciones y que, a d\u00eda de hoy, es tambi\u00e9n s\u00faper tendencia. Te hemos ense\u00f1ado el [&hellip;]<\/p>\n","protected":false},"author":1,"featured_media":29724,"comment_status":"closed","ping_status":"closed","sticky":false,"template":"","format":"standard","meta":[],"categories":[1],"tags":[],"_links":{"self":[{"href":"http:\/\/hoycordobaweb.com\/index.php\/wp-json\/wp\/v2\/posts\/29723"}],"collection":[{"href":"http:\/\/hoycordobaweb.com\/index.php\/wp-json\/wp\/v2\/posts"}],"about":[{"href":"http:\/\/hoycordobaweb.com\/index.php\/wp-json\/wp\/v2\/types\/post"}],"author":[{"embeddable":true,"href":"http:\/\/hoycordobaweb.com\/index.php\/wp-json\/wp\/v2\/users\/1"}],"replies":[{"embeddable":true,"href":"http:\/\/hoycordobaweb.com\/index.php\/wp-json\/wp\/v2\/comments?post=29723"}],"version-history":[{"count":0,"href":"http:\/\/hoycordobaweb.com\/index.php\/wp-json\/wp\/v2\/posts\/29723\/revisions"}],"wp:featuredmedia":[{"embeddable":true,"href":"http:\/\/hoycordobaweb.com\/index.php\/wp-json\/wp\/v2\/media\/29724"}],"wp:attachment":[{"href":"http:\/\/hoycordobaweb.com\/index.php\/wp-json\/wp\/v2\/media?parent=29723"}],"wp:term":[{"taxonomy":"category","embeddable":true,"href":"http:\/\/hoycordobaweb.com\/index.php\/wp-json\/wp\/v2\/categories?post=29723"},{"taxonomy":"post_tag","embeddable":true,"href":"http:\/\/hoycordobaweb.com\/index.php\/wp-json\/wp\/v2\/tags?post=29723"}],"curies":[{"name":"wp","href":"https:\/\/api.w.org\/{rel}","templated":true}]}}