{"id":29701,"date":"2021-09-21T16:59:35","date_gmt":"2021-09-21T16:59:35","guid":{"rendered":"https:\/\/manoamanocba.com.ar\/?p=4704"},"modified":"2021-09-21T16:59:35","modified_gmt":"2021-09-21T16:59:35","slug":"el-barbijo-ya-no-es-obligatorio-al-aire-libre","status":"publish","type":"post","link":"http:\/\/hoycordobaweb.com\/index.php\/2021\/09\/21\/el-barbijo-ya-no-es-obligatorio-al-aire-libre\/","title":{"rendered":"El barbijo ya no es obligatorio al aire libre"},"content":{"rendered":"<div><img src=\"http:\/\/hoycordobaweb.com\/wp-content\/uploads\/2021\/09\/el-barbijo-ya-no-es-obligatorio-al-aire-libre.jpg\" class=\"ff-og-image-inserted\"><\/div>\n<p>La ministra de Salud, Carla Vizzotti, anunci\u00f3 que, desde este martes, se \u00ablevanta la obligatoriedad de usar tapabocas al aire libre, circulando y sin personas alrededor\u00bb, y se habilitan reuniones al aire libre sin tope m\u00e1ximo de personas.<\/p>\n<p>As\u00ed lo anunci\u00f3 en rueda de prensa en Casa de Gobierno con el jefe de Gabinete, Juan Manzur, en la que tambi\u00e9n indic\u00f3 que se habilitan viajes grupales, de jubilados y egresados, entre otras medidas. Tambi\u00e9n plante\u00f3 que la asistencia de p\u00fablico en los eventos masivos al aire libre ser\u00e1 autorizada a partir del 1 de octubre con un aforo del 50 por ciento.<\/p>\n<p>Sin embargo, aclararon que contin\u00faa siendo obligatorio el barbijo en lugares cerrados o al aire libre cuando hay muchas personas juntas: aula, cine, teatro, \u00e1mbitos de trabajo, transporte p\u00fablico, espect\u00e1culos y eventos masivos. Las reuniones sociales podr\u00e1n ser sin l\u00edmites de personas mientras se cumplan las medidas de prevenci\u00f3n como tapabocas, distancia y ventilaci\u00f3n.<\/p>\n<p>Mientras que los boliches se autorizan con un aforo del 50 por ciento, pero con esquema completo de vacunaci\u00f3n. En cuanto a los salones de fiestas, bailes o actividades similares: las personas que asistan deben tener el esquema completo con 14 d\u00edas previos al evento o una dosis m\u00e1s un test negativo de 48 horas antes. Hay un protocolo especial para las fiestas de 15 o para menores de 17 a\u00f1os mientras avance la vacunaci\u00f3n en los adolescentes.<\/p>\n<p>En cuanto a los eventos masivos de m\u00e1s de mil personas, se habilitan con aforo del 50 por ciento a partir del 1 de octubre. En ese sentido, se diagramar\u00e1n protocolos espec\u00edficos en relaci\u00f3n a los requisitos que requiere.<\/p>\n<p>Adem\u00e1s, se permite el aforo del 100 por ciento en actividades econ\u00f3micas, industriales, comerciales, de servicios, religiosas, culturales, deportivas, recreativas y sociales en lugares cerrados con protocolos. Los viajes de jubilados, egresados, estudiantes o similares tambi\u00e9n se autorizan con medidas.<\/p>\n<h3><strong>Apertura de fronteras con estimaci\u00f3n de fechas:<\/strong><\/h3>\n<p>24 de septiembre: eliminaci\u00f3n del aislamiento a argentinos, residentes y extranjeros que vengan por trabajo y est\u00e9n autorizados por la autoridad migratoria.<br \/>1 de Octubre: autorizaci\u00f3n ingreso de extranjeros de pa\u00edses lim\u00edtrofes sin aislamiento. Apertura de fronteras terrestres a pedido de gobernadores (con corredores seguros aprobados por la autoridad sanitaria con cupo definido por la capacidad de cada jurisdicci\u00f3n).<br \/>Entre el 1 de octubre y 1 de noviembre incremento del cupo de ingreso progresivo en todos los corredores seguros, aeropuertos puertos y terrestres<br \/>1 de noviembre se autoriza ingreso de todos los extranjeros<\/p>\n<h3><strong>Los requisitos para ingresar al pa\u00eds:<\/strong><\/h3>\n<p>Esquema de vacunaci\u00f3n completo, con fecha de \u00faltima aplicaci\u00f3n por lo menos 14 d\u00edas previos al arribo al pa\u00eds.<br \/>Test de PCR negativa en las 72 horas previas al embarque, o ant\u00edgeno en el punto de ingreso hasta que defina la autoridad sanitaria<br \/>Test de PCR al d\u00eda 5 a 7 del arribo hasta que lo defina la autoridad sanitaria<br \/>Quienes no tienen el esquema de vacunaci\u00f3n completo incluyendo a los menores deber\u00e1n realizar cuarentena, test de ant\u00edgeno al ingreso, y test de PCR al d\u00eda 7.<br \/>Por \u00faltimo, aclararon en la conferencia que al momento de alcanzar el 50 por ciento de la poblaci\u00f3n completamente vacunada: se dejar\u00e1 de realizar test de ant\u00edgeno al ingreso (salvo los no vacunados) y PCR al d\u00eda 5-7 y se podr\u00e1 levantar el cupo.<\/p>\n","protected":false},"excerpt":{"rendered":"<p>La ministra de Salud, Carla Vizzotti, anunci\u00f3 que, desde este martes, se \u00ablevanta la obligatoriedad de usar tapabocas al aire libre, circulando y sin personas alrededor\u00bb, y se habilitan reuniones al aire libre sin tope m\u00e1ximo de personas. As\u00ed lo anunci\u00f3 en rueda de prensa en Casa de Gobierno con el jefe de Gabinete, Juan [&hellip;]<\/p>\n","protected":false},"author":1,"featured_media":29702,"comment_status":"closed","ping_status":"closed","sticky":false,"template":"","format":"standard","meta":[],"categories":[19],"tags":[],"_links":{"self":[{"href":"http:\/\/hoycordobaweb.com\/index.php\/wp-json\/wp\/v2\/posts\/29701"}],"collection":[{"href":"http:\/\/hoycordobaweb.com\/index.php\/wp-json\/wp\/v2\/posts"}],"about":[{"href":"http:\/\/hoycordobaweb.com\/index.php\/wp-json\/wp\/v2\/types\/post"}],"author":[{"embeddable":true,"href":"http:\/\/hoycordobaweb.com\/index.php\/wp-json\/wp\/v2\/users\/1"}],"replies":[{"embeddable":true,"href":"http:\/\/hoycordobaweb.com\/index.php\/wp-json\/wp\/v2\/comments?post=29701"}],"version-history":[{"count":0,"href":"http:\/\/hoycordobaweb.com\/index.php\/wp-json\/wp\/v2\/posts\/29701\/revisions"}],"wp:featuredmedia":[{"embeddable":true,"href":"http:\/\/hoycordobaweb.com\/index.php\/wp-json\/wp\/v2\/media\/29702"}],"wp:attachment":[{"href":"http:\/\/hoycordobaweb.com\/index.php\/wp-json\/wp\/v2\/media?parent=29701"}],"wp:term":[{"taxonomy":"category","embeddable":true,"href":"http:\/\/hoycordobaweb.com\/index.php\/wp-json\/wp\/v2\/categories?post=29701"},{"taxonomy":"post_tag","embeddable":true,"href":"http:\/\/hoycordobaweb.com\/index.php\/wp-json\/wp\/v2\/tags?post=29701"}],"curies":[{"name":"wp","href":"https:\/\/api.w.org\/{rel}","templated":true}]}}