{"id":29675,"date":"2021-09-21T03:09:00","date_gmt":"2021-09-21T03:09:00","guid":{"rendered":"http:\/\/hoycordobaweb.com\/index.php\/2021\/09\/21\/la-historia-de-los-refranes-mas-vale-tarde-que-nunca\/"},"modified":"2021-09-21T03:09:00","modified_gmt":"2021-09-21T03:09:00","slug":"la-historia-de-los-refranes-mas-vale-tarde-que-nunca","status":"publish","type":"post","link":"http:\/\/hoycordobaweb.com\/index.php\/2021\/09\/21\/la-historia-de-los-refranes-mas-vale-tarde-que-nunca\/","title":{"rendered":"La historia de los refranes: \u00abM\u00e1s vale tarde que nunca\u00bb"},"content":{"rendered":"<p><img src=\"http:\/\/hoycordobaweb.com\/wp-content\/uploads\/2021\/09\/la-historia-de-los-refranes-mas-vale-tarde-que-nunca.jpg\"><\/p>\n<div class=\"image\" id=\"image\"> <img src=\"http:\/\/hoycordobaweb.com\/wp-content\/uploads\/2021\/09\/la-historia-de-los-refranes-mas-vale-tarde-que-nunca-2.jpg\" alt title><\/div>\n<p>M\u00e1s vale tarde que nunca<\/p>\n<p>Un refr\u00e1n que sigue sonando joven, a pesar de tener una antig\u00fcedad aproximada de veinticuatro siglos. <strong>Se le atribuye al fil\u00f3sofo Di\u00f3genes de S\u00ednope, tambi\u00e9n llamado El C\u00ednico, que vivi\u00f3 entre los a\u00f1os 412 y 323 antes de Cristo&#8230; <\/strong>\u00a1C\u00f3mo d\u00f3nde! \u00a1En Grecia, d\u00f3nde iba a ser!&#8230;<\/p>\n<p>Una pobreza extrema la de Di\u00f3genes: viv\u00eda en una tinaja, caminaba descalzo durante las cuatro estaciones del a\u00f1o, y de d\u00eda andaba por las calles con una l\u00e1mpara encendida, <strong>diciendo \u201cBusco hombres honestos\u201d&#8230;<\/strong><\/p>\n<p>Resulta que, siendo ya anciano, Di\u00f3genes decidi\u00f3 -tozudamente- que quer\u00eda aprender solfeo.<strong> Le recriminaron que ten\u00eda una edad avanzada como para buscar instruirse en algo nuevo<\/strong>, y ah\u00ed fue cuando el fil\u00f3sofo mand\u00f3 la sentencia: \u201cM\u00e1s vale tarde que nunca\u201d. La misma sentencia que, m\u00e1s de dos mil a\u00f1os despu\u00e9s, seguimos utilizando en todo el mundo, sepamos solfear o no&#8230;<\/p>\n<p>A la hora de replicarle a quien correspondiera, Di\u00f3genes tampoco llegaba tarde, al contrario, era tan veloz que se le hac\u00eda temprano&#8230;<\/p>\n<p><strong>Cuenta la leyenda que un d\u00eda lo visit\u00f3 Alejandro Magno <\/strong>y le pregunt\u00f3: \u201c\u00bfPor qu\u00e9 te llaman Di\u00f3genes, el perro?\u201d, y el fil\u00f3sofo respondi\u00f3: \u201cPorque alabo a los que me dan, ladro a los que no me dan y a los malos les muerdo\u201d&#8230; Alejandro, como era Magno, no se dej\u00f3 inmutar por estas respuestas y le dijo: \u201cP\u00eddeme lo que quieras\u201d. Di\u00f3genes, sin pensarlo, le respondi\u00f3: <strong>\u201cQu\u00edtate de donde est\u00e1s, que me tapas el sol\u201d&#8230; <\/strong>\u00bfNo era un genio?&nbsp;<\/p>\n<p>Seg\u00fan este refr\u00e1n, siempre ser\u00e1 preferible hacer las cosas tarde que no hacerlas. As\u00ed que no te enojes con ese amigo de toda la vida que te llam\u00f3 para desearte Feliz Cumplea\u00f1os&#8230; <strong>\u00a1tres d\u00edas despu\u00e9s de tu fecha!&#8230; <\/strong>\u201c\u00a1Nunca le hab\u00eda pasado, no entiendo!\u201d&#8230;<\/p>\n<p>Sssshhh&#8230; M\u00e1s vale tarde, dejalo que termine de cantarte&#8230;<\/p>\n","protected":false},"excerpt":{"rendered":"<p>M\u00e1s vale tarde que nunca Un refr\u00e1n que sigue sonando joven, a pesar de tener una antig\u00fcedad aproximada de veinticuatro siglos. Se le atribuye al fil\u00f3sofo Di\u00f3genes de S\u00ednope, tambi\u00e9n llamado El C\u00ednico, que vivi\u00f3 entre los a\u00f1os 412 y 323 antes de Cristo&#8230; \u00a1C\u00f3mo d\u00f3nde! \u00a1En Grecia, d\u00f3nde iba a ser!&#8230; Una pobreza extrema [&hellip;]<\/p>\n","protected":false},"author":1,"featured_media":29676,"comment_status":"open","ping_status":"closed","sticky":false,"template":"","format":"standard","meta":[],"categories":[19],"tags":[],"_links":{"self":[{"href":"http:\/\/hoycordobaweb.com\/index.php\/wp-json\/wp\/v2\/posts\/29675"}],"collection":[{"href":"http:\/\/hoycordobaweb.com\/index.php\/wp-json\/wp\/v2\/posts"}],"about":[{"href":"http:\/\/hoycordobaweb.com\/index.php\/wp-json\/wp\/v2\/types\/post"}],"author":[{"embeddable":true,"href":"http:\/\/hoycordobaweb.com\/index.php\/wp-json\/wp\/v2\/users\/1"}],"replies":[{"embeddable":true,"href":"http:\/\/hoycordobaweb.com\/index.php\/wp-json\/wp\/v2\/comments?post=29675"}],"version-history":[{"count":0,"href":"http:\/\/hoycordobaweb.com\/index.php\/wp-json\/wp\/v2\/posts\/29675\/revisions"}],"wp:featuredmedia":[{"embeddable":true,"href":"http:\/\/hoycordobaweb.com\/index.php\/wp-json\/wp\/v2\/media\/29676"}],"wp:attachment":[{"href":"http:\/\/hoycordobaweb.com\/index.php\/wp-json\/wp\/v2\/media?parent=29675"}],"wp:term":[{"taxonomy":"category","embeddable":true,"href":"http:\/\/hoycordobaweb.com\/index.php\/wp-json\/wp\/v2\/categories?post=29675"},{"taxonomy":"post_tag","embeddable":true,"href":"http:\/\/hoycordobaweb.com\/index.php\/wp-json\/wp\/v2\/tags?post=29675"}],"curies":[{"name":"wp","href":"https:\/\/api.w.org\/{rel}","templated":true}]}}