{"id":29667,"date":"2021-09-21T08:23:22","date_gmt":"2021-09-21T08:23:22","guid":{"rendered":"https:\/\/www.mujerhoy.com\/moda\/no-te-pierdas\/vestido-punto-negro-otono-massimo-dutti-favorecedor-todas-las-tallas-20210920004030-nt.html"},"modified":"2021-09-21T08:23:22","modified_gmt":"2021-09-21T08:23:22","slug":"el-vestido-de-punto-que-sienta-bien-en-todas-las-tallas-y-buscas-todas-las-temporadas-ya-esta-en-massimo-dutti","status":"publish","type":"post","link":"http:\/\/hoycordobaweb.com\/index.php\/2021\/09\/21\/el-vestido-de-punto-que-sienta-bien-en-todas-las-tallas-y-buscas-todas-las-temporadas-ya-esta-en-massimo-dutti\/","title":{"rendered":"El vestido de punto que sienta bien en todas las tallas y buscas todas las temporadas ya est\u00e1 en Massimo Dutti"},"content":{"rendered":"<p><!-- AUTHOR --><!-- COMPONENTS --><\/p>\n<p class=\"voc-paragraph\">Entre los vestidos que podemos encontrar en las nuevas colecciones hay propuestas que podemos llevar <a data-voc-vtm-id=\"in-text-traffic\" href=\"https:\/\/www.mujerhoy.com\/moda\/tendencias\/vestido-estampado-mango-llevar-sandalias-botas-botines-favorecedor-20210903133649-nt.html\">con botas y botines<\/a>, modelos que arrasan <a data-voc-vtm-id=\"in-text-traffic\" href=\"https:\/\/www.mujerhoy.com\/moda\/no-te-pierdas\/vestido-zara-viral-arrasa-influencers-mas-vendido-barato-original-sienta-bien-20210912185420-nt.html\">entre las influencers<\/a> y tejidos como el punto que sabemos que son <a data-voc-vtm-id=\"in-text-traffic\" href=\"https:\/\/www.mujerhoy.com\/moda\/tendencias\/vestido-punto-versatil-sofisticado-comodo-looks-diarios-tendencia-otono-2021-influencers-famosas-20210903134404-nt.html\">la prenda m\u00e1s c\u00f3moda y vers\u00e1til<\/a> de la temporada. Y con este \u00faltimo tejido hemos encontrado <strong>el vestido que sienta bien en todas las tallas<\/strong> y buscas todas la temporadas. Porque sin necesidad de ser una tendencia, hay prendas que siempre tenemos que tener en nuestro armario. <\/p>\n<p class=\"voc-paragraph\">Ha sido en Massimo Dutti donde hemos fichado este vestido c\u00f3modo y vers\u00e1til, al que no vamos a dejar de sacar partido toda la temporada. Porque <strong>es ideal para llevarlo con botas<\/strong>, pero tambi\u00e9n porque es una soluci\u00f3n f\u00e1cil y r\u00e1pida para dar con un look a la \u00faltima. Y hay d\u00edas en los que solo necesitamos eso. <\/p>\n<div class=\"voc-detail-photo-zoom\"><picture data-toggle=\"modal\" data-target=\"#photoZoomModal-794\" target=\"modal\">\n<div class=\"voc-img-icon-link\"><img loading=\"lazy\" data-original=\"\/\/static3.mujerhoy.com\/www\/multimedia\/202109\/18\/media\/cortadas\/Vestido-Negro-Massimo-cat1-k51--460x637@MujerHoy.jpg\" class=\"lazy\"><noscript><img src=\"http:\/\/hoycordobaweb.com\/wp-content\/uploads\/2021\/09\/el-vestido-de-punto-que-sienta-bien-en-todas-las-tallas-y-buscas-todas-las-temporadas-ya-esta-en-massimo-dutti.jpg\" alt><\/noscript><i class=\"voc-icons zoom voc-multimedia-box voc-ico-l\"><\/i><\/div><figcaption class=\"figure-caption\"><\/figcaption><\/picture><\/div>\n<div id=\"photoZoomModal-794\" class=\"voc-lightbox modal fade voc-lightbox--photo-zoom\" role=\"dialog\" data-voc-photozoom-lightbox>\n<div class=\"voc-lightbox__dialog\" role=\"document\">\n<div class=\"voc-lightbox__content\"><!-- Modal header --><\/p>\n<header class=\"voc-lightbox__header\"><span class=\"voc-lightbox__title\"><\/span><\/header>\n<p><!-- Modal content --><\/p>\n<div class=\"voc-lightbox__photo-container\"><picture class><img loading=\"lazy\" data-original=\"\/\/static3.mujerhoy.com\/www\/multimedia\/202109\/18\/media\/cortadas\/Vestido-Negro-Massimo-cat1-k51--460x637@MujerHoy.jpg\" alt class=\"lazy\"><noscript><img src=\"http:\/\/hoycordobaweb.com\/wp-content\/uploads\/2021\/09\/el-vestido-de-punto-que-sienta-bien-en-todas-las-tallas-y-buscas-todas-las-temporadas-ya-esta-en-massimo-dutti.jpg\" alt><\/noscript><\/picture><\/div>\n<\/div>\n<\/div>\n<\/div>\n<p class=\"voc-paragraph\">De <strong>color negro y dise\u00f1o recto<\/strong>, este vestido negro de Massimo Dutti es de corte fluido y viene con cuello perkins y mangas largas. <\/p>\n<div class=\"voc-detail-photo-zoom\"><picture data-toggle=\"modal\" data-target=\"#photoZoomModal-874\" target=\"modal\">\n<div class=\"voc-img-icon-link\"><img loading=\"lazy\" data-original=\"\/\/static2.mujerhoy.com\/www\/multimedia\/202109\/18\/media\/cortadas\/Vestido-Negro-Massimo-cat3-k51--460x637@MujerHoy.jpg\" class=\"lazy\"><noscript><img src=\"http:\/\/hoycordobaweb.com\/wp-content\/uploads\/2021\/09\/el-vestido-de-punto-que-sienta-bien-en-todas-las-tallas-y-buscas-todas-las-temporadas-ya-esta-en-massimo-dutti-1.jpg\" alt><\/noscript><i class=\"voc-icons zoom voc-multimedia-box voc-ico-l\"><\/i><\/div><figcaption class=\"figure-caption\"><\/figcaption><\/picture><\/div>\n<div id=\"photoZoomModal-874\" class=\"voc-lightbox modal fade voc-lightbox--photo-zoom\" role=\"dialog\" data-voc-photozoom-lightbox>\n<div class=\"voc-lightbox__dialog\" role=\"document\">\n<div class=\"voc-lightbox__content\"><!-- Modal header --><\/p>\n<header class=\"voc-lightbox__header\"><span class=\"voc-lightbox__title\"><\/span><\/header>\n<p><!-- Modal content --><\/p>\n<div class=\"voc-lightbox__photo-container\"><picture class><img loading=\"lazy\" data-original=\"\/\/static2.mujerhoy.com\/www\/multimedia\/202109\/18\/media\/cortadas\/Vestido-Negro-Massimo-cat3-k51--460x637@MujerHoy.jpg\" alt class=\"lazy\"><noscript><img src=\"http:\/\/hoycordobaweb.com\/wp-content\/uploads\/2021\/09\/el-vestido-de-punto-que-sienta-bien-en-todas-las-tallas-y-buscas-todas-las-temporadas-ya-esta-en-massimo-dutti-1.jpg\" alt><\/noscript><\/picture><\/div>\n<\/div>\n<\/div>\n<\/div>\n<div class=\"voc-detail__cmp\">\n<div class=\"voc-article-container\">\n<article class=\"voc-article voc-article--cmp-video\" readability=\"1.5\">\n<div class=\"voc-img-container \" readability=\"8\"><picture><\/picture>\n<p class=\"figure-caption \"><span class=\"voc-gallery-type\"><i class=\"voc-icons video\"><\/i> V\u00eddeo. <\/span> Minivestidos, la tendencia perfecta para lucir piernas <span class=\"voc-photo-author\"><\/span><\/p>\n<\/div>\n<\/article>\n<\/div>\n<\/div>\n<p class=\"voc-paragraph\">Con acabados acanalados y largo por debajo de la rodilla, <strong>es una prenda que funciona a la perfecci\u00f3n por s\u00ed sola<\/strong>, pero a la que siempre podemos a\u00f1adir accesorios como un cintur\u00f3n o acompa\u00f1arlo de prendas como chalecos y gabardinas. <\/p>\n<div class=\"voc-detail-photo-zoom\"><picture data-toggle=\"modal\" data-target=\"#photoZoomModal-318\" target=\"modal\">\n<div class=\"voc-img-icon-link\"><img loading=\"lazy\" data-original=\"\/\/static.mujerhoy.com\/www\/multimedia\/202109\/18\/media\/Vestido-massimo-negro\/Vestido-Negro-Massimo-cat2.jpg\" class=\"lazy\"><noscript><img src=\"http:\/\/hoycordobaweb.com\/wp-content\/uploads\/2021\/09\/el-vestido-de-punto-que-sienta-bien-en-todas-las-tallas-y-buscas-todas-las-temporadas-ya-esta-en-massimo-dutti-2.jpg\" alt><\/noscript><i class=\"voc-icons zoom voc-multimedia-box voc-ico-l\"><\/i><\/div><figcaption class=\"figure-caption\"><\/figcaption><\/picture><\/div>\n<div id=\"photoZoomModal-318\" class=\"voc-lightbox modal fade voc-lightbox--photo-zoom\" role=\"dialog\" data-voc-photozoom-lightbox>\n<div class=\"voc-lightbox__dialog\" role=\"document\">\n<div class=\"voc-lightbox__content\"><!-- Modal header --><\/p>\n<header class=\"voc-lightbox__header\"><span class=\"voc-lightbox__title\"><\/span><\/header>\n<p><!-- Modal content --><\/p>\n<div class=\"voc-lightbox__photo-container\"><picture class><img loading=\"lazy\" data-original=\"\/\/static.mujerhoy.com\/www\/multimedia\/202109\/18\/media\/Vestido-massimo-negro\/Vestido-Negro-Massimo-cat2.jpg\" alt class=\"lazy\"><noscript><img src=\"http:\/\/hoycordobaweb.com\/wp-content\/uploads\/2021\/09\/el-vestido-de-punto-que-sienta-bien-en-todas-las-tallas-y-buscas-todas-las-temporadas-ya-esta-en-massimo-dutti-2.jpg\" alt><\/noscript><\/picture><\/div>\n<\/div>\n<\/div>\n<\/div>\n<p class=\"voc-paragraph\">Holgado y c\u00f3modo, <strong>sienta bien en todas las tallas y adem\u00e1s su color siempre aporta ese efecto estilizador<\/strong> propio del negro. Vamos que lo tiene todo. Cuesta 69,95 euros, est\u00e1 disponible en las tallas S y M.\n<\/p>\n<div class=\"voc-detail__cmp voc-detail__cmp--pad-lr voc-detail__cmp--pad-lr--bdr\">\n<div class=\"voc-ficha-detail__wrapper\">\n<section class=\"voc-ficha-detail\">\n<h4 class=\"voc-ficha-detail-title voc-title-section\">Te recomendamos<\/h4>\n<\/section>\n<\/div>\n<\/div>\n<p><!-- TOPICS --><\/p>\n","protected":false},"excerpt":{"rendered":"<p>Entre los vestidos que podemos encontrar en las nuevas colecciones hay propuestas que podemos llevar con botas y botines, modelos que arrasan entre las influencers y tejidos como el punto que sabemos que son la prenda m\u00e1s c\u00f3moda y vers\u00e1til de la temporada. Y con este \u00faltimo tejido hemos encontrado el vestido que sienta bien [&hellip;]<\/p>\n","protected":false},"author":1,"featured_media":29668,"comment_status":"closed","ping_status":"closed","sticky":false,"template":"","format":"standard","meta":[],"categories":[1],"tags":[],"_links":{"self":[{"href":"http:\/\/hoycordobaweb.com\/index.php\/wp-json\/wp\/v2\/posts\/29667"}],"collection":[{"href":"http:\/\/hoycordobaweb.com\/index.php\/wp-json\/wp\/v2\/posts"}],"about":[{"href":"http:\/\/hoycordobaweb.com\/index.php\/wp-json\/wp\/v2\/types\/post"}],"author":[{"embeddable":true,"href":"http:\/\/hoycordobaweb.com\/index.php\/wp-json\/wp\/v2\/users\/1"}],"replies":[{"embeddable":true,"href":"http:\/\/hoycordobaweb.com\/index.php\/wp-json\/wp\/v2\/comments?post=29667"}],"version-history":[{"count":0,"href":"http:\/\/hoycordobaweb.com\/index.php\/wp-json\/wp\/v2\/posts\/29667\/revisions"}],"wp:featuredmedia":[{"embeddable":true,"href":"http:\/\/hoycordobaweb.com\/index.php\/wp-json\/wp\/v2\/media\/29668"}],"wp:attachment":[{"href":"http:\/\/hoycordobaweb.com\/index.php\/wp-json\/wp\/v2\/media?parent=29667"}],"wp:term":[{"taxonomy":"category","embeddable":true,"href":"http:\/\/hoycordobaweb.com\/index.php\/wp-json\/wp\/v2\/categories?post=29667"},{"taxonomy":"post_tag","embeddable":true,"href":"http:\/\/hoycordobaweb.com\/index.php\/wp-json\/wp\/v2\/tags?post=29667"}],"curies":[{"name":"wp","href":"https:\/\/api.w.org\/{rel}","templated":true}]}}