{"id":29509,"date":"2021-09-18T22:36:07","date_gmt":"2021-09-18T22:36:07","guid":{"rendered":"http:\/\/ladecimaweb.com\/?p=11062"},"modified":"2021-09-18T22:36:07","modified_gmt":"2021-09-18T22:36:07","slug":"podria-no-haber-tercera-ola-por-la-variante-delta-en-argentina-segun-especialistas","status":"publish","type":"post","link":"http:\/\/hoycordobaweb.com\/index.php\/2021\/09\/18\/podria-no-haber-tercera-ola-por-la-variante-delta-en-argentina-segun-especialistas\/","title":{"rendered":"Podr\u00eda no haber tercera ola por la variante Delta en Argentina, seg\u00fan especialistas"},"content":{"rendered":"<p><em>(Agencia T\u00e9lam)<\/em> La alta tasa de vacunaci\u00f3n sumada a la gran cantidad de personas que se infectaron con coronavirus en la \u00faltima ola en el pa\u00eds podr\u00eda provocar que la variante Delta no haga crecer tanto la curva de casos como en los pa\u00edses del Hemisferio Norte y, a la vez, no se registren tantas hospitalizaciones ni muertes, aseguraron especialistas.<\/p>\n<p>&#8220;El tama\u00f1o de la ola Delta podr\u00eda ser menor de lo que est\u00e1 sucediendo en el Hemisferio Norte porque tuvimos mucho m\u00e1s contagiados que ellos y porque logramos contener su ingreso con las restricciones a los vuelos y eso nos permiti\u00f3 seguir avanzando con la vacunaci\u00f3n&#8221;, dijo a T\u00e9lam el bioinform\u00e1tico de la Universidad Nacional de C\u00f3rdoba (UNC) e investigador del Conicet<strong>\u00a0Rodrigo Quiroga<\/strong>.<\/p>\n<p>En ese sentido, explic\u00f3 que<strong>\u00a0el tama\u00f1o de esa ola depender\u00e1 de c\u00f3mo la sociedad mantenga las medidas de cuidado<\/strong>\u00a0(uso de barbijo, ventilaci\u00f3n y distancia),\u00a0<strong>de la posibilidad de vacunar a ni\u00f1os y adolescentes<\/strong>\u00a0-cu\u00e1ndo comience esa vacunaci\u00f3n y con cu\u00e1l velocidad se d\u00e9-, de las restricciones que se puedan mantener para<strong>\u00a0evitar aglomeraciones de personas no vacunadas y el cuidado en las escuelas.<\/strong><\/p>\n<p>Al comparar la situaci\u00f3n de la Argentina con otros pa\u00edses, Quiroga describi\u00f3 que, &#8220;cuando comenz\u00f3 la ola Delta, estimamos que en el Reino Unido se hab\u00eda infectado la mitad de la poblaci\u00f3n que ac\u00e1; y en Estados Unidos los lugares donde mayor es el brote tienen una tasa de vacunaci\u00f3n muy baja&#8221;.<\/p>\n<div class=\"js-code\">\n<div class=\"twitter-tweet twitter-tweet-rendered\"><iframe id=\"twitter-widget-0\" class=\"\" title=\"Twitter Tweet\" src=\"https:\/\/platform.twitter.com\/embed\/Tweet.html?creatorScreenName=agenciatelam&amp;dnt=false&amp;embedId=twitter-widget-0&amp;features=eyJ0ZndfZXhwZXJpbWVudHNfY29va2llX2V4cGlyYXRpb24iOnsiYnVja2V0IjoxMjA5NjAwLCJ2ZXJzaW9uIjpudWxsfSwidGZ3X2hvcml6b25fdHdlZXRfZW1iZWRfOTU1NSI6eyJidWNrZXQiOiJodGUiLCJ2ZXJzaW9uIjpudWxsfSwidGZ3X3NwYWNlX2NhcmQiOnsiYnVja2V0Ijoib2ZmIiwidmVyc2lvbiI6bnVsbH19&amp;frame=false&amp;hideCard=false&amp;hideThread=false&amp;id=1438983873409556486&amp;lang=en&amp;origin=https%3A%2F%2Fwww.telam.com.ar%2Fnotas%2F202109%2F568990-coronavirus-tercera-ola-variante-delta.html&amp;sessionId=6ff3432c4f75c597a5cdcc7be21825a31bf38cbc&amp;siteScreenName=agenciatelam&amp;theme=light&amp;widgetsVersion=1890d59c%3A1627936082797&amp;width=550px\" frameborder=\"0\" scrolling=\"no\" allowfullscreen=\"allowfullscreen\" data-tweet-id=\"1438983873409556486\" data-mce-fragment=\"1\"><\/iframe><\/div>\n<\/div>\n<p>Para<strong>\u00a0Humberto Debat,<\/strong>\u00a0vir\u00f3logo e integrante del Proyecto Argentino Interinstitucional de Gen\u00f3mica de SARS-CoV-2 (PAIS), &#8220;a la hora de hablar de una tercera ola\u00a0<strong>hay que desacoplar frecuencia de variantes con brote epidemiol\u00f3gico<\/strong>&#8220;.<\/p>\n<p>&#8220;Por ejemplo, el aumento de las variantes Mu y Delta en Chile est\u00e1 sucediendo con una curva de casos que baja, es decir, all\u00ed la Delta no est\u00e1 generando una aumento descontrolado de casos&#8221;, precis\u00f3 en di\u00e1logo con T\u00e9lam.<\/p>\n<p>Debat coincidi\u00f3 en que &#8220;en la Argentina estamos dejando atr\u00e1s una segunda ola donde hubo m\u00e1s de dos millones de casos notificados, lo que implica que hubo unos 12 millones de contagios&#8221;. Y agreg\u00f3: &#8220;A eso hay que sumar m\u00e1s de 48 millones de dosis de vacunas aplicadas&#8221;.<\/p>\n<p>&#8220;Entonces<strong>\u00a0estamos con una poblaci\u00f3n con una alt\u00edsima cobertura<\/strong>\u00a0ya sea inducida por la vacuna o por la convalecencia muy reciente, y esto implica decenas de millones de argentinos donde el virus tendr\u00eda m\u00e1s dificultades para circular&#8221;, a\u00f1adi\u00f3.<\/p>\n<p>No obstante, Debat remarc\u00f3 que en el mundo las terceras olas llegan, por lo que &#8220;no hay ninguna evidencia que permita decir aqu\u00ed no va a suceder; <strong>en la Argentina la tercera ola va a llegar, no se sabe si en dos semanas o en dos meses<\/strong>, y lo que se espera es que haya un desacople entre casos notificados y hospitalizaciones y muertes&#8221;.<\/p>\n<p>El especialista se\u00f1al\u00f3, adem\u00e1s, que puede haber una &#8220;dificultad para apreciar cuando comiencen a aumentar los casos porque <strong>la vacunaci\u00f3n va a hacer que muchos sean asintom\u00e1ticos o leves<\/strong>; entonces la gente no se va a testear, esto podr\u00eda impactar en la capacidad de previsi\u00f3n&#8221;.<\/p>\n<p>Por su parte, el f\u00edsico e investigador del Conicet y secretario de Planeamiento y Evaluaci\u00f3n Institucional de la Universidad Nacional de Hurlingham,\u00a0<strong>Jorge Aliaga<\/strong>, afirm\u00f3 que &#8220;los casos est\u00e1n bajando mucho y de manera muy auspiciosa, pero cada vez que esto sucede se realizan muchas aperturas y esto es siempre un riesgo&#8221;.<\/p>\n<p>&#8220;Si ahora est\u00e1n entrando vacunas que\u00a0<strong>podr\u00edan inmunizar a personas de 12 a 17, lo ideal ser\u00eda esperar un mes hasta tener a esta poblaci\u00f3n tambi\u00e9n vacunada para hacer aperturas<\/strong>; de paso hace m\u00e1s calor y eso favorece la ventilaci\u00f3n&#8221;, se\u00f1al\u00f3 a T\u00e9lam Aliaga, para quien estas medidas podr\u00edan ayudar a mitigar a\u00fan m\u00e1s el impacto de la variante Delta.<\/p>\n<p><strong>La variante de preocupaci\u00f3n Delta es dominante a nivel global con excepci\u00f3n de Sudam\u00e9rica.<\/strong><\/p>\n<p>Sobre la forma en la que las variantes est\u00e1n &#8220;compitiendo&#8221; entre s\u00ed por su prevalencia en la regi\u00f3n, Debat se\u00f1al\u00f3 que &#8220;en el sur de Brasil Delta ya es predominante y desplaz\u00f3 a Gamma (identificada por primera vez en Manaos), y en el resto de ese pa\u00eds es muy probable que esto suceda con el tiempo porque Delta es la variante con mayor transmisibilidad que se ha detectado hasta el momento&#8221;.<\/p>\n<p>&#8220;En Per\u00fa tambi\u00e9n est\u00e1 aumentado la frecuencia de Delta, desplazando a Lambda (o Andina)&#8221;, detall\u00f3.<\/p>\n<p>El vir\u00f3logo se\u00f1al\u00f3 que &#8220;la semana pasada hubo un estudio que analiz\u00f3 m\u00e1s de 2 millones de secuencias y concluyeron que<strong>\u00a0la Delta es la m\u00e1s transmisible\u00a0<\/strong>pero la Mu (identificada por primera vez en Colombia y que hasta el momento es una variante de inter\u00e9s seg\u00fan la OMS) qued\u00f3 por debajo de Delta pero arriba de Gamma y Alpha (Reino Unido)&#8221;.<\/p>\n<p>&#8220;Este an\u00e1lisis quiz\u00e1s sostenga lo que estamos viendo en Chile, que ten\u00eda un paisaje muy parecido al nuestro dominado por Gamma, con un 60 por ciento, y con un 20 por ciento de Lambda, y en las \u00faltimas semanas Delta y Mu han ido aumentando su frecuencia; de hecho Lambda fue desplazada casi en su totalidad y Mu est\u00e1 creciendo en una tasa similar a la Delta&#8221;, se\u00f1al\u00f3.<\/p>\n<div id=\"image\" class=\"image\"><img title=\"Para Aliaga avanzar con la vacunaci\u00f3n podr\u00eda ayudar a mitigar a\u00fan m\u00e1s el impacto de la variante Delta. Foto: Edgardo Varela\" src=\"http:\/\/hoycordobaweb.com\/wp-content\/uploads\/2021\/09\/podria-no-haber-tercera-ola-por-la-variante-delta-en-argentina-segun-especialistas.jpg\" alt=\"Para Aliaga avanzar con la vacunaci\u00f3n podr\u00eda ayudar a mitigar a\u00fan m\u00e1s el impacto de la variante Delta. Foto: Edgardo Varela\" \/><\/p>\n<div class=\"epigrafe\">Para Aliaga avanzar con la vacunaci\u00f3n podr\u00eda ayudar a mitigar a\u00fan m\u00e1s el impacto de la variante Delta. Foto: Edgardo Varela<\/div>\n<\/div>\n<p>Sobre la situaci\u00f3n en Argentina, Debat describi\u00f3 que\u00a0<strong>&#8220;est\u00e1 aumentando la detecci\u00f3n espor\u00e1dica&#8221; de la variante Delta<\/strong>, pero en el \u00faltimo reporte del Ministerio de Salud todas las detecciones de la \u00faltima semana &#8220;estaban restringidas a la Ciudad de Buenos Aires, C\u00f3rdoba y pocos casos en provincia de Buenos Aires, en tanto que en el resto de las jurisdicciones no hubo detecci\u00f3n&#8221;.<\/p>\n<p>El especialista remarc\u00f3 que &#8220;un caso particular es C\u00f3rdoba, donde el \u00faltimo reporte con an\u00e1lisis de datos al 3 de septiembre se\u00f1ala que el 2,2 por ciento de los casos comunitarios secuenciados al azar correspond\u00eda a la variante Delta&#8221;.<\/p>\n<p>&#8220;Este es el primer dato con porcentaje que tenemos en el pa\u00eds e indica que si se comporta como en otros pa\u00edses, en unas 4 a 6 semanas podr\u00eda ser dominante, apunt\u00f3.<\/p>\n<p>En la Argentina\u00a0<strong>hace m\u00e1s de 16 semanas hay un descenso de casos notificados<\/strong>\u00a0y tambi\u00e9n se redujo la cantidad de personas internadas en terapia intensiva y los fallecidos.<\/p>\n<div class=\"js-code\">\n<div class=\"twitter-tweet twitter-tweet-rendered\"><iframe id=\"twitter-widget-1\" class=\"\" title=\"Twitter Tweet\" src=\"https:\/\/platform.twitter.com\/embed\/Tweet.html?creatorScreenName=agenciatelam&amp;dnt=false&amp;embedId=twitter-widget-1&amp;features=eyJ0ZndfZXhwZXJpbWVudHNfY29va2llX2V4cGlyYXRpb24iOnsiYnVja2V0IjoxMjA5NjAwLCJ2ZXJzaW9uIjpudWxsfSwidGZ3X2hvcml6b25fdHdlZXRfZW1iZWRfOTU1NSI6eyJidWNrZXQiOiJodGUiLCJ2ZXJzaW9uIjpudWxsfSwidGZ3X3NwYWNlX2NhcmQiOnsiYnVja2V0Ijoib2ZmIiwidmVyc2lvbiI6bnVsbH19&amp;frame=false&amp;hideCard=false&amp;hideThread=false&amp;id=1439242819613302785&amp;lang=en&amp;origin=https%3A%2F%2Fwww.telam.com.ar%2Fnotas%2F202109%2F568990-coronavirus-tercera-ola-variante-delta.html&amp;sessionId=6ff3432c4f75c597a5cdcc7be21825a31bf38cbc&amp;siteScreenName=agenciatelam&amp;theme=light&amp;widgetsVersion=1890d59c%3A1627936082797&amp;width=550px\" frameborder=\"0\" scrolling=\"no\" allowfullscreen=\"allowfullscreen\" data-tweet-id=\"1439242819613302785\" data-mce-fragment=\"1\"><\/iframe><\/div>\n<\/div>\n<p>En relaci\u00f3n a los casos, la docente e investigadora Soledad Retamar indic\u00f3 que &#8220;el descenso se acentu\u00f3 en los \u00faltimos 15 d\u00edas&#8221;.<\/p>\n<p>&#8220;Mientras que durante los primeros 100 d\u00edas de bajas la variaci\u00f3n entre semanas era de un 20 por ciento menos que la anterior, en estos \u00faltimos 15 d\u00edas ese porcentaje de casos comparados con la semana previa representa entre un 25 y 30 por ciento menos&#8221;, indic\u00f3 Retamar.<\/p>\n<p>En tanto que<strong>\u00a0la ocupaci\u00f3n de pacientes con Covid-19 en las unidades de terapia intensiva se encontraba el viernes en 1.593 camas<\/strong>, &#8220;un 80 por ciento menos que el \u00faltimo pico y el valor m\u00e1s bajo en 13 meses&#8221;, indic\u00f3 por su parte el bioqu\u00edmico y analista de datos Santiago Olszevicki.<\/p>\n<p>A la fecha,\u00a0<strong>se aplicaron en Argentina 48.643.176 vacunas contra el coronavirus<\/strong>, de las cuales 28.958.206 corresponden a la primera dosis y 19.684.970 a la segunda.<\/p>\n<div class=\"ubm_banner\"><a href=\"https:\/\/youtu.be\/YAnjWjTh-xE\" target=\"_blank\" rel=\"dofollow noopener noreferrer\"><img src=\"http:\/\/hoycordobaweb.com\/wp-content\/uploads\/2021\/09\/podria-no-haber-tercera-ola-por-la-variante-delta-en-argentina-segun-especialistas.gif\" alt=\"\"><\/a><\/div>\n<p>La entrada <a rel=\"nofollow\" href=\"https:\/\/ladecimaweb.com\/podria-no-haber-tercera-ola-por-la-variante-delta-en-argentina-segun-especialistas\/\">Podr\u00eda no haber tercera ola por la variante Delta en Argentina, seg\u00fan especialistas<\/a> se public\u00f3 primero en <a rel=\"nofollow\" href=\"https:\/\/ladecimaweb.com\">LaDecima<\/a>.<\/p>\n","protected":false},"excerpt":{"rendered":"<p>(Agencia T\u00e9lam) La alta tasa de vacunaci\u00f3n sumada a la gran cantidad de personas que se infectaron con coronavirus en la \u00faltima ola en el pa\u00eds podr\u00eda provocar que la variante Delta no haga crecer tanto la curva de casos como en los pa\u00edses del Hemisferio Norte y, a la vez, no se registren tantas [&hellip;]<\/p>\n","protected":false},"author":1,"featured_media":29510,"comment_status":"closed","ping_status":"closed","sticky":false,"template":"","format":"standard","meta":[],"categories":[19],"tags":[],"_links":{"self":[{"href":"http:\/\/hoycordobaweb.com\/index.php\/wp-json\/wp\/v2\/posts\/29509"}],"collection":[{"href":"http:\/\/hoycordobaweb.com\/index.php\/wp-json\/wp\/v2\/posts"}],"about":[{"href":"http:\/\/hoycordobaweb.com\/index.php\/wp-json\/wp\/v2\/types\/post"}],"author":[{"embeddable":true,"href":"http:\/\/hoycordobaweb.com\/index.php\/wp-json\/wp\/v2\/users\/1"}],"replies":[{"embeddable":true,"href":"http:\/\/hoycordobaweb.com\/index.php\/wp-json\/wp\/v2\/comments?post=29509"}],"version-history":[{"count":0,"href":"http:\/\/hoycordobaweb.com\/index.php\/wp-json\/wp\/v2\/posts\/29509\/revisions"}],"wp:featuredmedia":[{"embeddable":true,"href":"http:\/\/hoycordobaweb.com\/index.php\/wp-json\/wp\/v2\/media\/29510"}],"wp:attachment":[{"href":"http:\/\/hoycordobaweb.com\/index.php\/wp-json\/wp\/v2\/media?parent=29509"}],"wp:term":[{"taxonomy":"category","embeddable":true,"href":"http:\/\/hoycordobaweb.com\/index.php\/wp-json\/wp\/v2\/categories?post=29509"},{"taxonomy":"post_tag","embeddable":true,"href":"http:\/\/hoycordobaweb.com\/index.php\/wp-json\/wp\/v2\/tags?post=29509"}],"curies":[{"name":"wp","href":"https:\/\/api.w.org\/{rel}","templated":true}]}}