{"id":2946,"date":"2020-10-07T14:04:43","date_gmt":"2020-10-07T14:04:43","guid":{"rendered":"https:\/\/www.mujerhoy.com\/vivir\/salud\/202010\/07\/motivos-salud-para-caida-pelo-coronavirus-hipotiroidismo-20201007131704.html"},"modified":"2020-10-07T14:04:43","modified_gmt":"2020-10-07T14:04:43","slug":"3-motivos-de-salud-por-los-que-se-ha-acelerado-la-caida-de-tu-pelo-ahora-mismo","status":"publish","type":"post","link":"http:\/\/hoycordobaweb.com\/index.php\/2020\/10\/07\/3-motivos-de-salud-por-los-que-se-ha-acelerado-la-caida-de-tu-pelo-ahora-mismo\/","title":{"rendered":"3 motivos de salud por los que se ha acelerado la ca\u00edda de tu pelo ahora mismo"},"content":{"rendered":"<p>Que el pelo se caiga es algo que llama la atenci\u00f3n y preocupa. Incluso cuando sabes que este <a href=\"https:\/\/www.mujerhoy.com\/vivir\/salud\/201810\/28\/caida-pelo-otono-rev-20181026105045.htm\"> proceso va a suceder, como por ejemplo cada oto\u00f1o<\/a> o despu\u00e9s de un parto. Pero debemos aprender a distinguir esas ca\u00eddas de cabello masivas \u201cnormales\u201d de las que no lo son tanto. La <strong>primera pista la encuentras en la calidad de tu pelo<\/strong>: si al ba\u00f1arte descubres m\u00e1s pelos en la ducha que antes, pero el grosor de tu coleta sigue siendo el mismo de siempre, tranquilidad, <a href=\"https:\/\/www.mujerhoy.com\/belleza\/pelo\/201903\/29\/caida-pelo-alopecia-tratamiento-famosas-20190328220500.html\">no hace falta tratamiento<\/a>. Pero si tu recuento diario de pelos ca\u00eddos es m\u00e1s alto de lo habitual y <strong>los que siguen unidos a tu cuero cabelludo parecen m\u00e1s finos que antes\u2026 puede ser que est\u00e9s en problemas<\/strong>. Repasamos los tres motivos principales de salud que pueden estar provocando estragos en tu melena justo en este momento para que los tengas en cuenta y tomes medidas. <\/p>\n<h3 class=\"ladillo\">Motivo n\u00famero 1: el coronavirus<\/h3>\n<p>La capacidad del coronavirus para amargarnos la existencia parece no tener l\u00edmites. Desgraciadamente para nuestra melena, el estr\u00e9s es una de las causas que pueden provocar alopecia y, en la actualidad, los niveles de ansiedad y estr\u00e9s femeninos est\u00e1n por las nubes por culpa de la pandemia. Seg\u00fan una encuesta realizada por DKV seguros de salud el <strong>86% de las espa\u00f1olas se sienten tristes y desmotivadas y mucho m\u00e1s cansadas que antes de que empezara la emergencia sanitaria<\/strong>. La incertidumbre est\u00e1 pasando factura a nuestra salud y se refleja en el estado en el que queda nuestro cabello.<\/p>\n<div class=\"comp_mm\">\n<figure><picture><source srcset=\"http:\/\/hoycordobaweb.com\/wp-content\/uploads\/2020\/10\/3-motivos-de-salud-por-los-que-se-ha-acelerado-la-caida-de-tu-pelo-ahora-mismo.jpg, http:\/\/hoycordobaweb.com\/wp-content\/uploads\/2020\/10\/3-motivos-de-salud-por-los-que-se-ha-acelerado-la-caida-de-tu-pelo-ahora-mismo.jpg 2x\" media=\"(min-width: 1054px)\"><source srcset=\"http:\/\/hoycordobaweb.com\/wp-content\/uploads\/2020\/10\/3-motivos-de-salud-por-los-que-se-ha-acelerado-la-caida-de-tu-pelo-ahora-mismo.jpg, http:\/\/hoycordobaweb.com\/wp-content\/uploads\/2020\/10\/3-motivos-de-salud-por-los-que-se-ha-acelerado-la-caida-de-tu-pelo-ahora-mismo.jpg 2x\" media=\"(min-width: 720px)\"><source srcset=\"https:\/\/resizer.mujerhoy.com\/resizer\/resizer.php?imagen=http:\/\/hoycordobaweb.com\/wp-content\/uploads\/2020\/10\/3-motivos-de-salud-por-los-que-se-ha-acelerado-la-caida-de-tu-pelo-ahora-mismo.jpg&amp;nuevoalto=714&amp;nuevoancho=476\"><img src=\"http:\/\/hoycordobaweb.com\/wp-content\/uploads\/2020\/10\/3-motivos-de-salud-por-los-que-se-ha-acelerado-la-caida-de-tu-pelo-ahora-mismo.jpg\" alt=\"Lo que comes y c&amp;oacute;mo te peinas puede influir en la mala salud de tu pelo.\" title=\"Lo que comes y c&amp;oacute;mo te peinas puede influir en la mala salud de tu pelo.\" itemprop=\"image\"><\/picture><figcaption> Lo que comes y c\u00f3mo te peinas puede influir en la mala salud de tu pelo. <span class=\"firma\"><\/span><\/figcaption><\/figure>\n<\/div>\n<p>Por si el estr\u00e9s no fuera suficiente, adem\u00e1s, infectarse con el coronavirus tambi\u00e9n es un factor en s\u00ed mismo que debilita el cabello. De hecho, <strong>los dermat\u00f3logos est\u00e1n investigando por qu\u00e9 algunos pacientes tratados en el hospital por casos graves de Covid-19 sufren alopecia <\/strong>como efecto secundario de la infecci\u00f3n.<\/p>\n<h3 class=\"ladillo\">Motivo n\u00famero 2: padeces hipotiroidismo (y no lo sabes)<\/h3>\n<p>Los problemas de la tiroides y los de cabello van de la mano. Incluso hay casos en los que es nuestra melena, o m\u00e1s bien su ausencia, la que delata que algo va mal en las hormonas de la tiroides. Incluso en <strong>algunas mujeres con hipotiroidismo subcl\u00ednico<\/strong> (aquel en el que la tiroides necesita m\u00e1s TSH para trabajar, pero que al analizar los niveles de hormonas tiroideas aparecen como normales) la \u00fanica manifestaci\u00f3n de que algo no va bien es que el pelo ya no es el que era. Si <strong>tienes antecedentes de problemas de tiroides en la familia, eres diab\u00e9tica o celiaca<\/strong> y te notas triste y con el pelo hecho unos zorros\u2026 chequea tu tiroides.<\/p>\n<div class=\"comp_mm\">\n<figure class=\"video\"><!-- PHP\/7.2 --><!-- --><\/p>\n<div class=\"video-player\" data-voc-video-player data-voc-video-player-source=\"brightcove\" data-voc-video-player-accountname=\"mujerhoy\" data-voc-video-player-videoid=\"referenceid:AT-20191009-1702659746\" data-voc-video-player-poster data-voc-video-player-autoplay=\"true\" data-voc-video-player-muted=\"true\" data-voc-video-player-newsid=\"referenceid:AT-20191009-1702659746\">\n<div class=\"video-player-poster\"><img src=\"https:\/\/www.mujerhoy.com\/vivir\/salud\/202010\/07\/motivos-salud-para-caida-pelo-coronavirus-hipotiroidismo-20201007131704.html\"><\/div>\n<\/div><figcaption><span>Video:<\/span>La contaminaci\u00f3n influye en la ca\u00edda del pelo <span class=\"firma\"><\/span><\/figcaption><\/figure>\n<\/div>\n<h3 class=\"ladillo\">Motivo n\u00famero 3: eres una adicta a las coletas a lo Rosal\u00eda<\/h3>\n<p>Toda la vida pensando que el tinte era malo para el pelo y en realidad lo m\u00e1s perjudicial que le estabas haciendo a tu melena no eran esas mechas californianas, sino tu forma de llevarlo recogido.<strong> La alopecia por tracci\u00f3n existe y puede ser la responsable de que est\u00e9s perdiendo pelo a marchas forzadas<\/strong>. Llevar un look de mo\u00f1o o coleta bien tirante durante todo el d\u00eda no es buena idea, como tampoco lo es abusar de extensiones, pa\u00f1uelos, turbantes, trencitas de boxeador\u2026 B\u00e1sicamente, cuanto m\u00e1s fuerzas apliques a tu cabello durante m\u00e1s horas m\u00e1s riesgo tienes de debilitarlo y hacer que caiga antes de tiempo.<\/p>\n<div class=\"tb-interesa\">\n<h3>Tambi\u00e9n te interesa<\/h3>\n<\/div>\n","protected":false},"excerpt":{"rendered":"<p>Que el pelo se caiga es algo que llama la atenci\u00f3n y preocupa. Incluso cuando sabes que este proceso va a suceder, como por ejemplo cada oto\u00f1o o despu\u00e9s de un parto. Pero debemos aprender a distinguir esas ca\u00eddas de cabello masivas \u201cnormales\u201d de las que no lo son tanto. La primera pista la encuentras [&hellip;]<\/p>\n","protected":false},"author":1,"featured_media":2947,"comment_status":"closed","ping_status":"closed","sticky":false,"template":"","format":"standard","meta":[],"categories":[1],"tags":[],"_links":{"self":[{"href":"http:\/\/hoycordobaweb.com\/index.php\/wp-json\/wp\/v2\/posts\/2946"}],"collection":[{"href":"http:\/\/hoycordobaweb.com\/index.php\/wp-json\/wp\/v2\/posts"}],"about":[{"href":"http:\/\/hoycordobaweb.com\/index.php\/wp-json\/wp\/v2\/types\/post"}],"author":[{"embeddable":true,"href":"http:\/\/hoycordobaweb.com\/index.php\/wp-json\/wp\/v2\/users\/1"}],"replies":[{"embeddable":true,"href":"http:\/\/hoycordobaweb.com\/index.php\/wp-json\/wp\/v2\/comments?post=2946"}],"version-history":[{"count":0,"href":"http:\/\/hoycordobaweb.com\/index.php\/wp-json\/wp\/v2\/posts\/2946\/revisions"}],"wp:featuredmedia":[{"embeddable":true,"href":"http:\/\/hoycordobaweb.com\/index.php\/wp-json\/wp\/v2\/media\/2947"}],"wp:attachment":[{"href":"http:\/\/hoycordobaweb.com\/index.php\/wp-json\/wp\/v2\/media?parent=2946"}],"wp:term":[{"taxonomy":"category","embeddable":true,"href":"http:\/\/hoycordobaweb.com\/index.php\/wp-json\/wp\/v2\/categories?post=2946"},{"taxonomy":"post_tag","embeddable":true,"href":"http:\/\/hoycordobaweb.com\/index.php\/wp-json\/wp\/v2\/tags?post=2946"}],"curies":[{"name":"wp","href":"https:\/\/api.w.org\/{rel}","templated":true}]}}