{"id":29345,"date":"2021-09-16T01:20:00","date_gmt":"2021-09-16T01:20:00","guid":{"rendered":"http:\/\/hoycordobaweb.com\/index.php\/2021\/09\/16\/amplio-respaldo-al-presidente-alberto-fernandez\/"},"modified":"2021-09-16T01:20:00","modified_gmt":"2021-09-16T01:20:00","slug":"amplio-respaldo-al-presidente-alberto-fernandez","status":"publish","type":"post","link":"http:\/\/hoycordobaweb.com\/index.php\/2021\/09\/16\/amplio-respaldo-al-presidente-alberto-fernandez\/","title":{"rendered":"Amplio respaldo al presidente Alberto Fern\u00e1ndez"},"content":{"rendered":"<p><img src=\"http:\/\/hoycordobaweb.com\/wp-content\/uploads\/2021\/09\/amplio-respaldo-al-presidente-alberto-fernandez.jpg\"><\/p>\n<div class=\"image\" id=\"image\" readability=\"9\"> <img src=\"http:\/\/hoycordobaweb.com\/wp-content\/uploads\/2021\/09\/amplio-respaldo-al-presidente-alberto-fernandez-2.jpg\" alt=\"Sabina Frederic, ministra de Seguridad, apoy\u00f3 fuertemente al Presidente (Foto: Juli\u00e1n \u00c1lvarez)\" title=\"Sabina Frederic, ministra de Seguridad, apoy\u00f3 fuertemente al Presidente (Foto: Juli\u00e1n \u00c1lvarez)\"><\/p>\n<p>Sabina Frederic, ministra de Seguridad, apoy\u00f3 fuertemente al Presidente (Foto: Juli\u00e1n \u00c1lvarez)<\/p>\n<\/div>\n<p>El presidente Alberto Fern\u00e1ndez recibi\u00f3 este mi\u00e9rcoles <strong>el apoyo de gobernadores, intendentes y referentes del mundo sindical y empresario<\/strong>, despu\u00e9s de que ministros y funcionarios pusieran sus renuncias a disposici\u00f3n como parte del debate en la coalici\u00f3n oficialista tras los resultados de las PASO del pasado domingo.<\/p>\n<p>Las renuncias puestas a consideraci\u00f3n derivaron en un encuentro en Casa Rosada que estuvo encabezado por Fern\u00e1ndez, en la que estuvieron el jefe de Gabinete, Santiago Cafiero, y varios ministros, tras el cual distintos funcionarios, gobernadores, gremios, intendentes y aliados del Frente de Todos (FdT) salieron a respaldar la figura del mandatario.<\/p>\n<p>A la reuni\u00f3n en Casa de Gobierno asistieron los ministros de Desarrollo Social, Juan Zabaleta; de Seguridad, Sabina Frederic; de Producci\u00f3n, Mat\u00edas Kulfas; de Econom\u00eda, Mart\u00edn Guzm\u00e1n; de Trabajo, Claudio Moroni; de Obras P\u00fablicas, Gabriel Katopodis; y el canciller Felipe Sol\u00e1. Tambi\u00e9n la vicejefa de Gabinete, Cecilia Todesca; y la secretaria Legal y T\u00e9cnica, Vilma Ibarra.<\/p>\n<p>En medio de los posicionamientos, el Movimiento Evita y Somos Barrios de Pie convocaron para este jueves a las 15 a una movilizaci\u00f3n en Plaza de Mayo en respaldo al Presidente, bajo la consigna \u00abPor la unidad del Frente de Todos. A Bancar al Gobierno\u00bb.<\/p>\n<div class=\"js-code\" readability=\"6.420245398773\">\n<blockquote class=\"twitter-tweet\" readability=\"6.420245398773\">\n<p lang=\"es\" dir=\"ltr\">Quiero expresar mi apoyo al presidente <a href=\"https:\/\/twitter.com\/alferdez?ref_src=twsrc%5Etfw\">@alferdez<\/a>. Es con todos porque la responsabilidad es de todos. Un resultado electoral es producto de la democracia y no debe complicar la gobernabilidad. Debemos escuchar y analizar cada demanda de la gente. As\u00ed lo hicimos en Catamarca.<\/p>\n<p>\u2014 Ra\u00fal Jalil (@RaulJalil_ok) <a href=\"https:\/\/twitter.com\/RaulJalil_ok\/status\/1438274767166050307?ref_src=twsrc%5Etfw\">September 15, 2021<\/a><\/p><\/blockquote><\/div>\n<p>El ministro del Interior, <a href=\"https:\/\/www.telam.com.ar\/notas\/202109\/568686-wado-de-pedro-renuncia.html\" target=\"_blank\" rel=\"noopener noreferrer\">Eduardo \u00abWado\u00bb De Pedro, fue el primero en dar a conocer la decisi\u00f3n de poner su renuncia a disposici\u00f3n<\/a>, una determinaci\u00f3n fundamentada en la necesidad de \u00abinterpretar el veredicto\u00bb del electorado en las PASO, seg\u00fan expres\u00f3 en la carta presentada al mandatario.<\/p>\n<p>A De Pedro se sumaron luego los ministros de Justicia y Ciencia, Mart\u00edn Soria y Carlos Salvarezza, respectivamente, y las titulares del PAMI y Anses, Luana Volnovich y Fernanda Raverta, adem\u00e1s de la secretaria de Comercio Interior, Paula Espa\u00f1ol.<\/p>\n<div class=\"image\" id=\"image\" readability=\"9\"> <img src=\"http:\/\/hoycordobaweb.com\/wp-content\/uploads\/2021\/09\/amplio-respaldo-al-presidente-alberto-fernandez-3.jpg\" alt=\"Mat\u00edas Kulfas, ministro de Producci\u00f3n, estuvo presente en la reuni\u00f3n de ministros.\" title=\"Mat\u00edas Kulfas, ministro de Producci\u00f3n, estuvo presente en la reuni\u00f3n de ministros.\"><\/p>\n<p>Mat\u00edas Kulfas, ministro de Producci\u00f3n, estuvo presente en la reuni\u00f3n de ministros.<\/p>\n<\/div>\n<p><a href=\"https:\/\/www.telam.com.ar\/notas\/202109\/568694-gabinete-nacional-renuncia-a-disposicion.html\" target=\"_blank\" rel=\"noopener noreferrer\">Tambi\u00e9n hicieron lo propio los ministros Trist\u00e1n Bauer y Juan Cabandie, de Cultura y Ambiente, respectivamente; el presidente del ACUMAR, Mart\u00edn Sabbatella, y la directora del INADI, Victoria Donda<\/a>.<\/p>\n<p>La determinaci\u00f3n de ese conjunto de funcionarios de ofrecer su salida del gabinete se conoci\u00f3 despu\u00e9s de un acto que el Presidente encabez\u00f3 al mediod\u00eda junto al ministro de Econom\u00eda, Mart\u00edn Guzm\u00e1n, en el Museo del Bicentenario de la Casa de Gobierno.<\/p>\n<div class=\"js-code\" readability=\"6.6827309236948\">\n<blockquote class=\"twitter-tweet\" readability=\"7.5180722891566\">\n<p lang=\"es\" dir=\"ltr\">Todo mi apoyo a <a href=\"https:\/\/twitter.com\/alferdez?ref_src=twsrc%5Etfw\">@alferdez<\/a>, s\u00edntesis de la unidad popular para lograr el pa\u00eds que queremos.<\/p>\n<p>El <a href=\"https:\/\/twitter.com\/FrenteDeTodos?ref_src=twsrc%5Etfw\">@FrenteDeTodos<\/a> es la garant\u00eda para que la voluntad del pueblo expresada en 2019 sea una realidad.<\/p>\n<p>\u2014 Sabina Frederic (@SabinaFrederic) <a href=\"https:\/\/twitter.com\/SabinaFrederic\/status\/1438249136583761922?ref_src=twsrc%5Etfw\">September 15, 2021<\/a><\/p><\/blockquote><\/div>\n<p>En esa ocasi\u00f3n, al presentar el proyecto de ley de inversiones en hidrocarburos,<a href=\"https:\/\/www.telam.com.ar\/notas\/202109\/568708-guzman-pensamos-en-mejorar-la-vida-de-la-gente-y-para-eso-es-importante-escuchar.html\" target=\"_blank\" rel=\"noopener noreferrer\"> Guzm\u00e1n destac\u00f3 la necesidad de \u00abescuchar a la gente\u00bb para resolver sus problemas<\/a> y remarc\u00f3 que \u00aba\u00fan quedan cuestiones muy graves por resolver\u00bb en el campo econ\u00f3mico, como el pago de la deuda con el Fondo Monetario Internacional (FMI).<\/p>\n<p>En su discurso, Guzm\u00e1n mencion\u00f3 a la vicepresidenta Cristina Fern\u00e1ndez; al gobernador bonaerense, Axel Kicillof; al presidente de la C\u00e1mara de Diputados, Sergio Massa, y al jefe del bloque del FdT, M\u00e1ximo Kirchner.<\/p>\n<div class=\"image\" id=\"image\" readability=\"9\"> <img src=\"http:\/\/hoycordobaweb.com\/wp-content\/uploads\/2021\/09\/amplio-respaldo-al-presidente-alberto-fernandez-4.jpg\" alt=\"Claudio Moroni, ministro de Trabajo, fue otro de los que destac\u00f3 lo hecho por Alberto Fern\u00e1ndez\" title=\"Claudio Moroni, ministro de Trabajo, fue otro de los que destac\u00f3 lo hecho por Alberto Fern\u00e1ndez\"><\/p>\n<p>Claudio Moroni, ministro de Trabajo, fue otro de los que destac\u00f3 lo hecho por Alberto Fern\u00e1ndez<\/p>\n<\/div>\n<p>\u00abRecuerdo, en estos 21 meses, ejemplos concretos que nunca olvidaremos, como el momento m\u00e1s duro del salto de la brecha cambiaria, hablando con el Presidente, junto a Sergio, M\u00e1ximo y Axel, siempre ayudando, siempre buscando cuidar a nuestra gente\u00bb, rememor\u00f3 el funcionario, y cit\u00f3 a la vicepresidenta al destacar el concepto de la \u00abpersistencia en las convicciones\u00bb.<\/p>\n<p>La carta publicada por De Pedro, que inici\u00f3 la saga de puesta a disposici\u00f3n de renuncias, se conoci\u00f3 despu\u00e9s de esa actividad oficial.<\/p>\n<p>En la Casa Rosada, en tanto, y luego de la reuni\u00f3n encabezada por el Presidente, distintos <strong>ministros del Gobierno nacional, junto a la CGT, movimientos sociales, gobernadores, intendentes y agrupaciones pol\u00edticas, gremiales y empresarios, expresaron su respaldo al mandatario como \u00abs\u00edntesis de la unidad popular\u00bb<\/strong>.<\/p>\n<div class=\"image\" id=\"image\" readability=\"7\"> <img src=\"http:\/\/hoycordobaweb.com\/wp-content\/uploads\/2021\/09\/amplio-respaldo-al-presidente-alberto-fernandez-5.jpg\" alt=\"Alberto Fern\u00e1ndez y Mario Ishii (Foto: Archivo)\" title=\"Alberto Fern\u00e1ndez y Mario Ishii (Foto: Archivo)\"><\/p>\n<p>Alberto Fern\u00e1ndez y Mario Ishii (Foto: Archivo)<\/p>\n<\/div>\n<p>Entre los gobernadores, Ricardo Quintela (La Rioja), Sergio U\u00f1ac (San Juan), Gustavo Melella (Tierra del Fuego), Gustavo Bordet (Entre R\u00edos) y Oscar Herrera Ahuad (Misiones) le hicieron llegar al mandatario su respaldo a trav\u00e9s de llamados telef\u00f3nicos, del mismo modo que Juan Manzur (Tucum\u00e1n); Omar Guti\u00e9rrez (Neuqu\u00e9n), Ra\u00fal Jalil (Catamarca) y Alberto Rodr\u00edguez Sa\u00e1 (San Luis).<\/p>\n<p>La discusi\u00f3n en la coalici\u00f3n oficialista se produce a tres d\u00edas de la realizaci\u00f3n de las PASO, en las que la alianza opositora Juntos por el Cambio (JxC) logr\u00f3 avanzar posiciones y releg\u00f3 al oficialismo en la mayor\u00eda de los distritos, con epicentro en la provincia de Buenos Aires, que concentra casi el 40% del padr\u00f3n electoral del pa\u00eds.<\/p>\n<p>La CGT emiti\u00f3 un comunicado en respaldo a Fern\u00e1ndez y a las \u00abinstituciones democr\u00e1ticas\u00bb<\/p>\n<p>La CGT emiti\u00f3 en la noche de este mi\u00e9rcoles un documento titulado \u00ablas instituciones democr\u00e1ticas son el sost\u00e9n de la Rep\u00fablica\u00bb en el que expres\u00f3 \u00abla defensa al gobierno electo constitucionalmente\u00bb y a la \u00abinstitucionalidad presidencial como referencia plena de la gobernabilidad del pa\u00eds\u00bb.<\/p>\n<p>En un comunicado de seis p\u00e1rrafos, difundido tras la reuni\u00f3n de casi cuatro horas de la mesa chica, la CGT remarc\u00f3 que \u00abla unidad del movimiento obrero\u00bb ser\u00e1 \u00abparte de la soluci\u00f3n de los problemas que atraviesa la Argentina con madurez y custodia de la paz social como elemento indispensable para el logro de la justicia social\u00bb.<\/p>\n<p>\u00ab<strong>Es necesario tambi\u00e9n expresar firmemente la defensa de todos y cada uno de los derechos laborales de los trabajadores y de aquellos excluidos del sistema que pugnan por ser portadores de esa cobertura social y laboral, ante el oportunismo pol\u00edtico de algunos que representan intereses contrarios a la clase trabajadora\u00bb,<\/strong> exhort\u00f3 la central obrera.<\/p>\n<p>En otro tramo del documento, llam\u00f3 a \u00abfortalecer los acuerdos, corregir los errores y resolver lo que falta\u00bb, lo que consider\u00f3 \u00abuna responsabilidad de la pol\u00edtica toda y en especial de quienes gobiernan\u00bb y, al mismo tiempo, \u00abuna demanda de la sociedad\u00bb, que \u00abdebe ser sostenida con compromiso y labor solidaria en la b\u00fasqueda de una Argentina con desarrollo, producci\u00f3n y trabajo\u00bb.<\/p>\n<blockquote readability=\"8\">\n<p>La CGT sesion\u00f3 alrededor de cuatro horas, en la que participaron casi cuarenta gremios, tuvo ausentes a aquellos sindicatos que se identifican con el \u00abmoyanismo\u00bb<span class=\"comilla\">\u201d<\/span><\/p>\n<\/blockquote>\n<p>Un rato antes de que se conociera el comunicado, el secretario general H\u00e9ctor Daer se pronunci\u00f3 en el mismo sentido ante los periodistas, al transmitir el apoyo de la CGT en la \u00abdefensa de la institucionalidad\u00bb y en particular \u00abal presidente Alberto Fern\u00e1ndez, porque eso nunca estuvo en duda y el primer mandatario debe mantener la templanza para manejarse en esta crisis\u00bb.<\/p>\n<p>Daer formul\u00f3 esos conceptos tras el encuentro de la mesa chica ampliada de la central obrera, con la participaci\u00f3n de casi cuarenta gremios de diversas corrientes, a cuyo t\u00e9rmino reafirm\u00f3 que el sindicalismo defiende \u00abla institucionalidad de nuestro pa\u00eds enmarcada en los par\u00e1metros institucionales\u00bb.<\/p>\n<p>La mesa chica de la CGT que sesion\u00f3 alrededor de cuatro horas y que en este caso funcion\u00f3 ampliada, raz\u00f3n por la cual participaron casi cuarenta gremios, tuvo como ausentes a aquellos sindicatos que se identifican con el \u00abmoyanismo\u00bb.<\/p>\n<p>Seg\u00fan confiaron a T\u00e9lam voceros sindicales, en las deliberaciones se ratific\u00f3 la organizaci\u00f3n del Comit\u00e9 Central Confederal, que fue ratificado para el mi\u00e9rcoles pr\u00f3ximo en el sal\u00f3n Felipe Vallese de la sede de Azopardo al 800, como tambi\u00e9n la convocatoria a una marcha para el 18 de octubre.<\/p>\n<blockquote readability=\"8\">\n<p>Los dirigentes que integran la conducci\u00f3n realizaron una primera evaluaci\u00f3n de las PASO y empezaron a delinear los preparativos para el Congreso de renovaci\u00f3n de autoridades, convocado para el 11 de noviembre<span class=\"comilla\">\u201d<\/span><\/p>\n<\/blockquote>\n<p>Adem\u00e1s, l<strong>os dirigentes que integran la conducci\u00f3n cegetista realizaron una primera evaluaci\u00f3n conjunta de los resultados de las PASO y empezaron a delinear los preparativos para el Congreso de renovaci\u00f3n de autoridades, que ya est\u00e1 convocado para el 11 de noviembre.<\/strong><\/p>\n<p>Sobre el contenido de la reuni\u00f3n, las fuentes destacaron que \u00absi bien el debate de los temas fue intenso\u00bb la diferencia m\u00e1s fuerte surgi\u00f3 al repasar un punto del temario del confederal referido al encuadramiento sindical de los trabajadores de las rutas de la provincia de Buenos Aires, un conflicto en el que se disputan el Sindicato de Mec\u00e1nicos y Afines del Transporte Automotor (Smata) con el Sindicato de Obreros y Empleados de Estacionamientos y Garages.<\/p>\n<p>Tal como hab\u00eda adelantado T\u00e9lam, no todos los gremialistas de la mesa chica de la sede de Azopardo estaban de acuerdo con tratar un diferendo de esas caracter\u00edsticas en un Confederal y, en ese sentido, la voz cantante la llev\u00f3 el titular de la UOM, Antonio Cal\u00f3, aunque tuvo que aceptar que la cuesti\u00f3n ya estaba decidida, por lo que el tema, finalmente, ser\u00e1 tratado el mi\u00e9rcoles.<\/p>\n<p>Entre los presentes se destac\u00f3 la presencia de Andr\u00e9s Rodr\u00edguez (UPCN); Jos\u00e9 Luis Lingeri (Obras Sanitarias); Gerardo Mart\u00ednez (UOCRA); Armando Cavalieri (Comercio); Carlos Acu\u00f1a (Garagistas); Pablo Bir\u00f3 (Pilotos); Gast\u00f3n Frutos (Panaderos); Luis Cejas (Viajantes), Mario Caligari (UTA) y Hugo Ben\u00edtez (Textiles).<\/p>\n<p>Tambi\u00e9n estuvieron Julio Piumato (Judiciales); V\u00edctor Santa Mar\u00eda (Encargados de Edificios, Suterh); Rodolfo Daer (Alimentaci\u00f3n); Guillermo Mangone (Gas); Jorge Sola (Seguros); Amadeo Genta (Sutecba) y No\u00e9 Ruiz (Modelos).<\/p>\n","protected":false},"excerpt":{"rendered":"<p>Sabina Frederic, ministra de Seguridad, apoy\u00f3 fuertemente al Presidente (Foto: Juli\u00e1n \u00c1lvarez) El presidente Alberto Fern\u00e1ndez recibi\u00f3 este mi\u00e9rcoles el apoyo de gobernadores, intendentes y referentes del mundo sindical y empresario, despu\u00e9s de que ministros y funcionarios pusieran sus renuncias a disposici\u00f3n como parte del debate en la coalici\u00f3n oficialista tras los resultados de las [&hellip;]<\/p>\n","protected":false},"author":1,"featured_media":29346,"comment_status":"open","ping_status":"closed","sticky":false,"template":"","format":"standard","meta":[],"categories":[19],"tags":[],"_links":{"self":[{"href":"http:\/\/hoycordobaweb.com\/index.php\/wp-json\/wp\/v2\/posts\/29345"}],"collection":[{"href":"http:\/\/hoycordobaweb.com\/index.php\/wp-json\/wp\/v2\/posts"}],"about":[{"href":"http:\/\/hoycordobaweb.com\/index.php\/wp-json\/wp\/v2\/types\/post"}],"author":[{"embeddable":true,"href":"http:\/\/hoycordobaweb.com\/index.php\/wp-json\/wp\/v2\/users\/1"}],"replies":[{"embeddable":true,"href":"http:\/\/hoycordobaweb.com\/index.php\/wp-json\/wp\/v2\/comments?post=29345"}],"version-history":[{"count":0,"href":"http:\/\/hoycordobaweb.com\/index.php\/wp-json\/wp\/v2\/posts\/29345\/revisions"}],"wp:featuredmedia":[{"embeddable":true,"href":"http:\/\/hoycordobaweb.com\/index.php\/wp-json\/wp\/v2\/media\/29346"}],"wp:attachment":[{"href":"http:\/\/hoycordobaweb.com\/index.php\/wp-json\/wp\/v2\/media?parent=29345"}],"wp:term":[{"taxonomy":"category","embeddable":true,"href":"http:\/\/hoycordobaweb.com\/index.php\/wp-json\/wp\/v2\/categories?post=29345"},{"taxonomy":"post_tag","embeddable":true,"href":"http:\/\/hoycordobaweb.com\/index.php\/wp-json\/wp\/v2\/tags?post=29345"}],"curies":[{"name":"wp","href":"https:\/\/api.w.org\/{rel}","templated":true}]}}