{"id":29292,"date":"2021-09-15T11:35:23","date_gmt":"2021-09-15T11:35:23","guid":{"rendered":"http:\/\/fono.fcm.unc.edu.ar\/?p=7007"},"modified":"2021-09-15T11:35:23","modified_gmt":"2021-09-15T11:35:23","slug":"hoy-jura-virtual-transmision-en-vivo","status":"publish","type":"post","link":"http:\/\/hoycordobaweb.com\/index.php\/2021\/09\/15\/hoy-jura-virtual-transmision-en-vivo\/","title":{"rendered":"Hoy Jura virtual: transmisi\u00f3n en vivo"},"content":{"rendered":"<p><img loading=\"lazy\" class=\"size-medium wp-image-5755 alignright\" src=\"https:\/\/fono.fcm.unc.edu.ar\/wp-content\/uploads\/sites\/14\/2021\/03\/Diseno-sin-titulo-2-300x300.jpg\" alt width=\"300\" height=\"300\" srcset=\"https:\/\/fono.fcm.unc.edu.ar\/wp-content\/uploads\/sites\/14\/2021\/03\/Diseno-sin-titulo-2-66x66.jpg 66w, https:\/\/fono.fcm.unc.edu.ar\/wp-content\/uploads\/sites\/14\/2021\/03\/Diseno-sin-titulo-2-150x150.jpg 150w, https:\/\/fono.fcm.unc.edu.ar\/wp-content\/uploads\/sites\/14\/2021\/03\/Diseno-sin-titulo-2-200x200.jpg 200w, https:\/\/fono.fcm.unc.edu.ar\/wp-content\/uploads\/sites\/14\/2021\/03\/Diseno-sin-titulo-2-300x300.jpg 300w, https:\/\/fono.fcm.unc.edu.ar\/wp-content\/uploads\/sites\/14\/2021\/03\/Diseno-sin-titulo-2-400x400.jpg 400w, https:\/\/fono.fcm.unc.edu.ar\/wp-content\/uploads\/sites\/14\/2021\/03\/Diseno-sin-titulo-2-600x600.jpg 600w, https:\/\/fono.fcm.unc.edu.ar\/wp-content\/uploads\/sites\/14\/2021\/03\/Diseno-sin-titulo-2-768x768.jpg 768w, https:\/\/fono.fcm.unc.edu.ar\/wp-content\/uploads\/sites\/14\/2021\/03\/Diseno-sin-titulo-2-800x800.jpg 800w, https:\/\/fono.fcm.unc.edu.ar\/wp-content\/uploads\/sites\/14\/2021\/03\/Diseno-sin-titulo-2-1024x1024.jpg 1024w, https:\/\/fono.fcm.unc.edu.ar\/wp-content\/uploads\/sites\/14\/2021\/03\/Diseno-sin-titulo-2-1200x1200.jpg 1200w, https:\/\/fono.fcm.unc.edu.ar\/wp-content\/uploads\/sites\/14\/2021\/03\/Diseno-sin-titulo-2-1536x1536.jpg 1536w, https:\/\/fono.fcm.unc.edu.ar\/wp-content\/uploads\/sites\/14\/2021\/03\/Diseno-sin-titulo-2.jpg 1654w\" sizes=\"(max-width: 300px) 100vw, 300px\">La Jura virtual que se llevar\u00e1 a cabo hoy, 15 de septiembre, ser\u00e1 transmitida en vivo a trav\u00e9s de YouTube del Canal Salud.<\/p>\n<p><strong>Jura virtual de Fonoaudi\u00f3logas\/os<\/strong><\/p>\n<p><strong>Hora<\/strong>: 10:00<\/p>\n<p><strong>Link<\/strong>:&nbsp;<a href=\"https:\/\/youtu.be\/cT07F932Y_o\">https:\/\/youtu.be\/cT07F932Y_o<\/a><\/p>\n<p><strong>Jura virtual de Licenciadas\/os en Fonoaudiolog\u00eda<\/strong><\/p>\n<p><strong>Hora<\/strong>: 11:30<\/p>\n<p><strong>Link<\/strong>:&nbsp;<a href=\"https:\/\/youtu.be\/-KdmByYD_IU\">https:\/\/youtu.be\/-KdmByYD_IU<\/a><\/p>\n","protected":false},"excerpt":{"rendered":"<p>La Jura virtual que se llevar\u00e1 a cabo hoy, 15 de septiembre, ser\u00e1 transmitida en vivo a trav\u00e9s de YouTube del Canal Salud. Jura virtual de Fonoaudi\u00f3logas\/os Hora: 10:00 Link:&nbsp;https:\/\/youtu.be\/cT07F932Y_o Jura virtual de Licenciadas\/os en Fonoaudiolog\u00eda Hora: 11:30 Link:&nbsp;https:\/\/youtu.be\/-KdmByYD_IU<\/p>\n","protected":false},"author":1,"featured_media":0,"comment_status":"closed","ping_status":"closed","sticky":false,"template":"","format":"standard","meta":[],"categories":[1],"tags":[],"_links":{"self":[{"href":"http:\/\/hoycordobaweb.com\/index.php\/wp-json\/wp\/v2\/posts\/29292"}],"collection":[{"href":"http:\/\/hoycordobaweb.com\/index.php\/wp-json\/wp\/v2\/posts"}],"about":[{"href":"http:\/\/hoycordobaweb.com\/index.php\/wp-json\/wp\/v2\/types\/post"}],"author":[{"embeddable":true,"href":"http:\/\/hoycordobaweb.com\/index.php\/wp-json\/wp\/v2\/users\/1"}],"replies":[{"embeddable":true,"href":"http:\/\/hoycordobaweb.com\/index.php\/wp-json\/wp\/v2\/comments?post=29292"}],"version-history":[{"count":0,"href":"http:\/\/hoycordobaweb.com\/index.php\/wp-json\/wp\/v2\/posts\/29292\/revisions"}],"wp:attachment":[{"href":"http:\/\/hoycordobaweb.com\/index.php\/wp-json\/wp\/v2\/media?parent=29292"}],"wp:term":[{"taxonomy":"category","embeddable":true,"href":"http:\/\/hoycordobaweb.com\/index.php\/wp-json\/wp\/v2\/categories?post=29292"},{"taxonomy":"post_tag","embeddable":true,"href":"http:\/\/hoycordobaweb.com\/index.php\/wp-json\/wp\/v2\/tags?post=29292"}],"curies":[{"name":"wp","href":"https:\/\/api.w.org\/{rel}","templated":true}]}}