{"id":29201,"date":"2021-09-14T08:46:58","date_gmt":"2021-09-14T08:46:58","guid":{"rendered":"https:\/\/www.mujerhoy.com\/moda\/no-te-pierdas\/ana-boyer-conjunto-falda-top-made-in-spain-look-rejuvenecedor-barato-20210913091043-nt.html"},"modified":"2021-09-14T08:46:58","modified_gmt":"2021-09-14T08:46:58","slug":"ana-boyer-tiene-el-conjunto-de-falda-y-blusa-made-in-spain-mas-bonito-y-que-no-te-vas-a-querer-quitar-en-los-ultimos-dias-de-verano","status":"publish","type":"post","link":"http:\/\/hoycordobaweb.com\/index.php\/2021\/09\/14\/ana-boyer-tiene-el-conjunto-de-falda-y-blusa-made-in-spain-mas-bonito-y-que-no-te-vas-a-querer-quitar-en-los-ultimos-dias-de-verano\/","title":{"rendered":"Ana Boyer tiene el conjunto de falda y blusa made in Spain m\u00e1s bonito y que no te vas a querer quitar en los \u00faltimos d\u00edas de verano"},"content":{"rendered":"<p><!-- AUTHOR --><!-- COMPONENTS --><\/p>\n<p class=\"voc-paragraph\">De <strong>Ana Boyer<\/strong> nos gusta su elegancia, su estilo cl\u00e1sico y su apuesta por prendas sencillas, pero con toque sofisticado. Al parecer, ha heredado -al igual que su hermana Tamara Falc\u00f3- el buen gusto por la moda y no duda en compartir a trav\u00e9s de su perfil de Instagram algunos de los detalles de sus looks. Tanto es as\u00ed, que ya ha probado su faceta como influencer con colaboraciones. Su cuenta social es una buena fuente de inspiraci\u00f3n y <a data-voc-vtm-id=\"in-text-traffic\" href=\"https:\/\/www.mujerhoy.com\/moda\/no-te-pierdas\/ana-boyer-vestido-hym-largo-flores-look-verano-barato-rejuvenece-rebajas-20210812143456-nt.html\">este vestido largo<\/a> o <a data-voc-vtm-id=\"in-text-traffic\" href=\"https:\/\/www.mujerhoy.com\/moda\/no-te-pierdas\/ana-boyer-mono-corto-mujer-look-verano-barato-comodo-ponible-20210727104543-nt.html\">este mono tan estilizador<\/a> lo confirman. Ahora, nos ha vuelto a enamorar luciendo un <strong>conjunto <\/strong>perfecto para <strong>resaltar el moreno<\/strong>.\n<\/p>\n<p class=\"voc-paragraph\">S\u00ed, querida lectora, es el momento de apostar por el blanco. El verano ha terminado y con la vuelta a la rutina seguro que has cambiado de chip y tienes el &#8216;mood trabajo y fr\u00edo acpetado. Sin embargo, todav\u00eda puedes aprovechar lo bueno del calor, <strong>presumiendo del morenito<\/strong> que hayas cogido en tus d\u00edas de playa o piscina. Y, \u00bfcu\u00e1l es la mejor forma de hacer? Apostando por <strong>prendas blancas <\/strong>como ha hecho la propia Ana Boyer.\n<\/p>\n<p class=\"voc-paragraph\">La hija de Isabel Preysler ha demostrado que ha aprovechado much\u00edsimo las horas de sol con un conjunto de<br \/>\n<strong> By Niuma<\/strong>, una firma &#8216;made in Spain&#8217; nacida en Madrid el pasado a\u00f1o, que le queda ideal y parece ser uno de los favoritos, ya que se lo hemos visto en otras ocasiones. Se trata de un dos piezas formado por una<br \/>\n<strong> falda corta (47 euros) <\/strong>con cinturilla el\u00e1stica y volantes en el bajo y una<br \/>\n<strong> blusa (49 euros) con escote y manga abullonada asim\u00e9trica<\/strong> con detalle de lazo. Ambas prendas en color blanco y fabricadas en Espa\u00f1a en algod\u00f3n 100%.\n<\/p>\n<div class=\"voc-detail__cmp\">\n<div class=\"voc-article-container\">\n<article class=\"voc-article voc-article--cmp-video\" readability=\"1.5\">\n<div class=\"voc-img-container \" readability=\"8\"><picture><\/picture>\n<p class=\"figure-caption \"><span class=\"voc-gallery-type\"><i class=\"voc-icons video\"><\/i> V\u00eddeo. <\/span> Los 10 mejores looks de Ana Boyer vistos en Instagram: desde vestidos bohoo a camisas blancas <span class=\"voc-photo-author\"><\/span><\/p>\n<\/div>\n<\/article>\n<\/div>\n<\/div>\n<div class=\"voc-detail__cmp\">\n<div class=\"voc-article-container\">\n<article class=\"voc-article voc-article--cmp-photo-text\">\n<div class=\"voc-img-container\"><picture>\n<div class=\"voc-horizontal voc-img-icon-link\"><img class=\"lazy\" loading=\"lazy\" data-original=\"\/\/static.mujerhoy.com\/www\/multimedia\/202109\/13\/media\/cortadas\/by-niuma-conjunto-falda-blusa-blanca-kkTB--624x624@MujerHoy.jpg\" alt><\/div>\n<\/picture>\n<p class=\"figure-caption \"><span class=\"voc-photo-author\"> by niuma <\/span><\/p>\n<\/div>\n<\/article>\n<\/div>\n<\/div>\n<p class=\"voc-paragraph\">Ana apost\u00f3 por su versi\u00f3n m\u00e1s veraniega y lo combin\u00f3 con unas sandalias planas tipo mule en color marr\u00f3n. Sin embargo, es un<br \/>\n<strong> look ideal para usar en el entretiempo <\/strong>ya que puedes usarlo con <strong>botas <\/strong>y a\u00f1adir una chaqueta cuando empiece a refrescar. \u00a1Nos encanta!\n<\/p>\n<div class=\"voc-detail__cmp voc-detail__cmp--pad-lr voc-detail__cmp--pad-lr--bdr\">\n<div class=\"voc-ficha-detail__wrapper\">\n<section class=\"voc-ficha-detail\">\n<h4 class=\"voc-ficha-detail-title voc-title-section\">te recomendamos<\/h4>\n<\/section>\n<\/div>\n<\/div>\n<p><!-- TOPICS --><\/p>\n","protected":false},"excerpt":{"rendered":"<p>De Ana Boyer nos gusta su elegancia, su estilo cl\u00e1sico y su apuesta por prendas sencillas, pero con toque sofisticado. Al parecer, ha heredado -al igual que su hermana Tamara Falc\u00f3- el buen gusto por la moda y no duda en compartir a trav\u00e9s de su perfil de Instagram algunos de los detalles de sus [&hellip;]<\/p>\n","protected":false},"author":1,"featured_media":29202,"comment_status":"closed","ping_status":"closed","sticky":false,"template":"","format":"standard","meta":[],"categories":[1],"tags":[],"_links":{"self":[{"href":"http:\/\/hoycordobaweb.com\/index.php\/wp-json\/wp\/v2\/posts\/29201"}],"collection":[{"href":"http:\/\/hoycordobaweb.com\/index.php\/wp-json\/wp\/v2\/posts"}],"about":[{"href":"http:\/\/hoycordobaweb.com\/index.php\/wp-json\/wp\/v2\/types\/post"}],"author":[{"embeddable":true,"href":"http:\/\/hoycordobaweb.com\/index.php\/wp-json\/wp\/v2\/users\/1"}],"replies":[{"embeddable":true,"href":"http:\/\/hoycordobaweb.com\/index.php\/wp-json\/wp\/v2\/comments?post=29201"}],"version-history":[{"count":0,"href":"http:\/\/hoycordobaweb.com\/index.php\/wp-json\/wp\/v2\/posts\/29201\/revisions"}],"wp:featuredmedia":[{"embeddable":true,"href":"http:\/\/hoycordobaweb.com\/index.php\/wp-json\/wp\/v2\/media\/29202"}],"wp:attachment":[{"href":"http:\/\/hoycordobaweb.com\/index.php\/wp-json\/wp\/v2\/media?parent=29201"}],"wp:term":[{"taxonomy":"category","embeddable":true,"href":"http:\/\/hoycordobaweb.com\/index.php\/wp-json\/wp\/v2\/categories?post=29201"},{"taxonomy":"post_tag","embeddable":true,"href":"http:\/\/hoycordobaweb.com\/index.php\/wp-json\/wp\/v2\/tags?post=29201"}],"curies":[{"name":"wp","href":"https:\/\/api.w.org\/{rel}","templated":true}]}}